{"id":263019,"date":"2022-10-14T11:06:00","date_gmt":"2022-10-14T09:06:00","guid":{"rendered":"https:\/\/www.nushu.cat\/?p=263019"},"modified":"2024-10-10T08:49:00","modified_gmt":"2024-10-10T06:49:00","slug":"semana-europea-de-la-lactancia-materna-del-10-al-16-de-octubre-del-2022","status":"publish","type":"post","link":"https:\/\/www.nushu.cat\/es\/semana-europea-de-la-lactancia-materna-del-10-al-16-de-octubre-del-2022\/","title":{"rendered":"Semana Europea de la lactancia materna, del 10 al 16 de Octubre del 2022."},"content":{"rendered":"\n<p>Para m\u00ed&nbsp;la lactancia materna es uno de los actos m\u00e1s revolucionarios que he hecho en la maternidad.&nbsp;<br>\u00bfA qui\u00e9n se le ocurri\u00f3 hacernos creer que nuestra leche no era suficiente para amamantar a nuestros cachorros?<br>\u00bfO que no tendr\u00edamos leche para hacerlo?<br>\u00a1No se nos ocurrir\u00eda pensar esto de cualquier otro animal mam\u00edfero! \u00bfY porque desconfiamos de nosotras mismas?&nbsp;\u00bfDe nuestra capacidad?<\/p>\n\n\n\n<p>A dem\u00e1s,&nbsp;\u00a1la lactancia materna es de lo m\u00e1s sostenible que existe!<br>Ni envases de pl\u00e1stico como biberones<br>Ni maletas o termos para mantenerlos calientes<br>Ni electrodom\u00e9sticos tipo esterilizadores<br>Ni envases de la leche artificial en polvo<br>Ni f\u00e1bricas destinadas a la producci\u00f3n de leche artificial<br>Ni sus correspondientes transportes de las f\u00e1bricas a las tiendas<br>\u2026<\/p>\n\n\n\n<p>De hecho, sabias&nbsp;<span style=\"text-decoration: underline;\">est\u00e1 prohibido distribuir muestras gratuitas de suced\u00e1neos de leche materna.<\/span> \u00a1O sea que por aqu\u00ed no nos la cuelan!<\/p>\n\n\n\n<p>\u00a1Y ni que hablar&nbsp;del dineral que supone&nbsp;la lactancia artificial!!!<br>Los polvos son car\u00edsimos, los utensilios antes mencionados tambi\u00e9n, \u2026<\/p>\n\n\n\n<p>Y digo yo,&nbsp;\u00a1con lo c\u00f3modo que es sacar la teta donde sea, y comida caliente, al instante y rica de nutrientes para el beb\u00e9!<\/p>\n\n\n\n<figure class=\"wp-block-image size-medium is-style-default\"><img decoding=\"async\" src=\"https:\/\/www.nushu.cat\/wp-content\/uploads\/2022\/10\/lactancia-300x300.jpg\" alt=\"Beneficios de la lactancia materna\" class=\"wp-image-260818\"\/><\/figure>\n\n\n\n<h2 class=\"wp-block-heading\">Beneficios de la lactancia materna:<\/h2>\n\n\n\n<p>Y haciendo hincapi\u00e9 en el tema de salud, est\u00e1 claramente demostrado que la leche materna para un beb\u00e9 es el mejor regalo que le podr\u00edas hacer. Varios estudios concluyen que la leche materna protege contra las enfermedades ya que&nbsp;est\u00e1 llena de inmunoglobulinas que protegen a los beb\u00e9s contra la neumon\u00eda, la diarrea, las infecciones del o\u00eddo y el asma. Tambi\u00e9n&nbsp;ayuda a prevenir el sobrepeso en los ni\u00f1os, a promover el v\u00ednculo con la madre e incluso hace que los beb\u00e9s sean m\u00e1s inteligentes.<\/p>\n\n\n\n<p>La OMS aconseja dar lactancia materna exclusiva hasta los 6 meses, pero continuar con la lactancia hasta al menos los 2 a\u00f1os del beb\u00e9. Porque no solo es alimento, y la composici\u00f3n de la leche va variando seg\u00fan las necesidades del beb\u00e9.<\/p>\n\n\n\n<p>Tambi\u00e9n hay beneficios para las mamis, ya que&nbsp;las mujeres que no amamantan presentan un riesgo 4% m\u00e1s alto de padecer c\u00e1ncer de mama y 27% mayor de c\u00e1ncer de ovario.<\/p>\n\n\n\n<p>Por \u00faltimo, quiero hablaros de los&nbsp;beneficios de la lactancia materna a nivel d\u00e9rmico:&nbsp;es fant\u00e1stica aplicada en granitos, eccemas, piel reseca,\u2026 de hecho va s\u00faper bien para curar heridas, el cord\u00f3n umbilical o incluso las estr\u00edas de nuestros cuerpos.<\/p>\n\n\n\n<p>Y como una imagen vale m\u00e1s que mil palabras, os muestro la foto de una&nbsp;mami que decidi\u00f3 ponerse su propia leche en un lado del vientre mientras amamantaba a su beb\u00e9 de 2 meses aprovechando la leche que le ca\u00eda del pecho&nbsp;y en 3 semanas hab\u00eda mucha diferencia en las estr\u00edas, tanto en la coloraci\u00f3n como en la profundidad.<\/p>\n\n\n\n<figure class=\"wp-block-image size-full\"><img decoding=\"async\" src=\"https:\/\/www.nushu.cat\/wp-content\/uploads\/2022\/10\/estrias-leche-materna.jpeg\" alt=\"Estries leche materna\" class=\"wp-image-260814\"\/><\/figure>\n\n\n\n<p>Todas las decisiones son totalmente aceptables, y hay mujeres que no han querido o no han podido amamantar y es totalmente respetable.<br>Lo que s\u00ed que encuentro importante es que tengamos toda la informaci\u00f3n a nuestro alcance para poder tomar decisiones coherentes. Porque cuantas lactancias se habr\u00e1n abandonado por falta de informaci\u00f3n o de profesionales poco actualizados&#8230;&nbsp;<br>Yo defiendo las ventajas para el planeta, el bolsillo y una misma que supone la lactancia materna, y lo defiendo porque va con los valores de n\u00fcshu.<\/p>\n\n\n\n<p>Por cierto, \u00bfsabes que&nbsp;<strong><span style=\"text-decoration: underline;\">el acto de mamar es innato<\/span><\/strong>&nbsp;y no hace falta que un bebe lo&nbsp;aprenda, <strong><span style=\"text-decoration: underline;\">pero&nbsp;el acto de dar el pecho se hace por aprendizaje e imitaci\u00f3n<\/span><\/strong>?&nbsp;Y como en la sociedad actual y en la televisi\u00f3n&nbsp;es m\u00e1s probable ver a alguien disparando o fumando, que dando el pecho&nbsp;las mujeres dif\u00edcilmente hemos tenido referentes sobre c\u00f3mo dar el pecho. Y esto ha hecho mucho da\u00f1o a la lactancia materna (y mucho beneficio a la industria farmac\u00e9utica, si, lo del pecho. Y si, tambi\u00e9n lo del fumar&#8230;)<\/p>\n\n\n\n<h2 class=\"wp-block-heading\">Aqu\u00ed os muestro algunos de mis productos que son muy \u00fatiles en la lactancia materna:<\/h2>\n\n\n\n<p>Dar el pecho tumbada&nbsp;de lado me ha permitido&nbsp;dormir y descansar&nbsp;mucho mejor. Y es inevitable que se manche el colch\u00f3n o la s\u00e1bana. \u00a1Este empapador mini es ideal para que no pase!!<\/p>\n\n\n\n<div class=\"wp-block-columns is-layout-flex wp-container-core-columns-is-layout-28f84493 wp-block-columns-is-layout-flex\">\n<div class=\"wp-block-column is-layout-flow wp-block-column-is-layout-flow\">\n<figure class=\"wp-block-image aligncenter size-medium is-style-rounded\"><img decoding=\"async\" src=\"https:\/\/www.nushu.cat\/wp-content\/uploads\/2022\/10\/em3-300x300.jpg\" alt=\"Empapador reutilitzable\" class=\"wp-image-260810\" title=\"empapador reutilizable mini\"\/><\/figure>\n<\/div>\n\n\n\n<div class=\"wp-block-column is-layout-flow wp-block-column-is-layout-flow\">\n<div class=\"wp-block-group is-layout-flow wp-block-group-is-layout-flow\"><div data-block-name=\"woocommerce\/handpicked-products\" data-columns=\"1\" data-products=\"[10975]\" class=\"wc-block-grid wp-block-handpicked-products wp-block-woocommerce-handpicked-products wc-block-handpicked-products has-1-columns has-multiple-rows\"><ul class=\"wc-block-grid__products\"><li class=\"wc-block-grid__product\"><span class=\"gtm4wp_productdata\" style=\"display:none; visibility:hidden;\" data-gtm4wp_product_data=\"{&quot;internal_id&quot;:10975,&quot;item_id&quot;:10975,&quot;item_name&quot;:&quot;Empapador reutilizable para beb\\u00e9&quot;,&quot;sku&quot;:10975,&quot;price&quot;:9.5,&quot;stocklevel&quot;:null,&quot;stockstatus&quot;:&quot;instock&quot;,&quot;google_business_vertical&quot;:&quot;retail&quot;,&quot;item_category&quot;:&quot;Maternidad y crianza&quot;,&quot;item_category2&quot;:&quot;Higiene del beb\\u00e9&quot;,&quot;id&quot;:10975,&quot;productlink&quot;:&quot;https:\\\/\\\/www.nushu.cat\\\/es\\\/producto\\\/empapador-reutilizable-bebe\\\/&quot;,&quot;item_list_name&quot;:&quot;Lista general de productos&quot;,&quot;index&quot;:0,&quot;product_type&quot;:&quot;variable&quot;,&quot;item_brand&quot;:&quot;&quot;}\"><\/span>\n\t\t\t\t<a href=\"https:\/\/www.nushu.cat\/es\/producto\/empapador-reutilizable-bebe\/\" class=\"wc-block-grid__product-link\">\n\t\t\t\t\t\n\t\t\t\t\t<div class=\"wc-block-grid__product-image\"><img fetchpriority=\"high\" decoding=\"async\" width=\"300\" height=\"300\" src=\"https:\/\/www.nushu.cat\/wp-content\/uploads\/2024\/02\/colors1-300x300.jpg\" class=\"attachment-woocommerce_thumbnail size-woocommerce_thumbnail\" alt=\"Empapador reutilizable para beb\u00e9\" srcset=\"https:\/\/www.nushu.cat\/wp-content\/uploads\/2024\/02\/colors1-300x300.jpg 300w, https:\/\/www.nushu.cat\/wp-content\/uploads\/2024\/02\/colors1-100x100.jpg 100w, https:\/\/www.nushu.cat\/wp-content\/uploads\/2024\/02\/colors1-600x600.jpg 600w, https:\/\/www.nushu.cat\/wp-content\/uploads\/2024\/02\/colors1.jpg 861w\" sizes=\"(max-width: 300px) 100vw, 300px\" \/><\/div>\n\t\t\t\t\t<div class=\"wc-block-grid__product-title\">Empapador reutilizable para beb\u00e9<\/div>\n\t\t\t\t<\/a>\n\t\t\t\t<div class=\"wc-block-grid__product-price price\"><span class=\"woocommerce-Price-amount amount\" aria-hidden=\"true\">9,50&nbsp;<span class=\"woocommerce-Price-currencySymbol\">&euro;<\/span><\/span> <span aria-hidden=\"true\">&#8211;<\/span> <span class=\"woocommerce-Price-amount amount\" aria-hidden=\"true\">21,00&nbsp;<span class=\"woocommerce-Price-currencySymbol\">&euro;<\/span><\/span><span class=\"screen-reader-text\">Rango de precios: desde 9,50&nbsp;&euro; hasta 21,00&nbsp;&euro;<\/span> <small class=\"woocommerce-price-suffix\">IVA incluido<\/small><\/div>\n\t\t\t\t\n\t\t\t\t<div class=\"wp-block-button wc-block-grid__product-add-to-cart\"><a href=\"https:\/\/www.nushu.cat\/es\/producto\/empapador-reutilizable-bebe\/\" aria-label=\"Elige las opciones para &ldquo;Empapador reutilizable para beb\u00e9&rdquo;\" data-quantity=\"1\" data-product_id=\"10975\" data-product_sku=\"\" data-price=\"9.5\" rel=\"nofollow\" class=\"wp-block-button__link  add_to_cart_button\">Seleccionar opciones<\/a><\/div>\n\t\t\t<\/li><\/ul><\/div><\/div>\n<\/div>\n<\/div>\n\n\n\n<p>Las pezoneras han sido un \u201cmust\u201d. Cuando doy de mamar de un pecho, el otro me \u201crebosa de amor\u201d que digo yo y siempre llevo la pezonera puesta.<br>\u00a1Llevo 1, y as\u00ed s\u00e9 que pecho me toca darle! La pezonera me sirve de &#8220;marcador&#8221;.<\/p>\n\n\n\n<div class=\"wp-block-columns is-layout-flex wp-container-core-columns-is-layout-28f84493 wp-block-columns-is-layout-flex\">\n<div class=\"wp-block-column is-layout-flow wp-block-column-is-layout-flow\">\n<div class=\"wp-block-columns is-layout-flex wp-container-core-columns-is-layout-28f84493 wp-block-columns-is-layout-flex\">\n<div class=\"wp-block-column is-layout-flow wp-block-column-is-layout-flow\" style=\"flex-basis:100%\">\n<figure class=\"wp-block-image size-medium is-resized is-style-rounded\"><img decoding=\"async\" src=\"https:\/\/www.nushu.cat\/wp-content\/uploads\/2022\/08\/mugroneresss-300x300.jpeg\" alt=\"Mugroneres\" class=\"wp-image-260785\"\/><\/figure>\n<\/div>\n<\/div>\n<\/div>\n\n\n\n<div class=\"wp-block-column is-layout-flow wp-block-column-is-layout-flow\"><div data-block-name=\"woocommerce\/handpicked-products\" data-columns=\"1\" data-products=\"[4532]\" class=\"wc-block-grid wp-block-handpicked-products wp-block-woocommerce-handpicked-products wc-block-handpicked-products has-1-columns has-multiple-rows\"><ul class=\"wc-block-grid__products\"><li class=\"wc-block-grid__product\"><span class=\"gtm4wp_productdata\" style=\"display:none; visibility:hidden;\" data-gtm4wp_product_data=\"{&quot;internal_id&quot;:4532,&quot;item_id&quot;:4532,&quot;item_name&quot;:&quot;Discos de lact\\u00e1ncia&quot;,&quot;sku&quot;:4532,&quot;price&quot;:6,&quot;stocklevel&quot;:null,&quot;stockstatus&quot;:&quot;instock&quot;,&quot;google_business_vertical&quot;:&quot;retail&quot;,&quot;item_category&quot;:&quot;Maternidad y crianza&quot;,&quot;id&quot;:4532,&quot;productlink&quot;:&quot;https:\\\/\\\/www.nushu.cat\\\/es\\\/producto\\\/pezoneras\\\/&quot;,&quot;item_list_name&quot;:&quot;Lista general de productos&quot;,&quot;index&quot;:0,&quot;product_type&quot;:&quot;variable&quot;,&quot;item_brand&quot;:&quot;&quot;}\"><\/span>\n\t\t\t\t<a href=\"https:\/\/www.nushu.cat\/es\/producto\/pezoneras\/\" class=\"wc-block-grid__product-link\">\n\t\t\t\t\t<div class=\"wc-block-grid__product-onsale\">\n\t\t\t<span aria-hidden=\"true\">Oferta<\/span>\n\t\t\t<span class=\"screen-reader-text\">Producto en oferta<\/span>\n\t\t<\/div>\n\t\t\t\t\t<div class=\"wc-block-grid__product-image\"><img decoding=\"async\" width=\"300\" height=\"300\" src=\"https:\/\/www.nushu.cat\/wp-content\/uploads\/2024\/02\/photoroom_20230412_132029-1-300x300.jpeg\" class=\"attachment-woocommerce_thumbnail size-woocommerce_thumbnail\" alt=\"Discos de lact\u00e1ncia\" srcset=\"https:\/\/www.nushu.cat\/wp-content\/uploads\/2024\/02\/photoroom_20230412_132029-1-300x300.jpeg 300w, https:\/\/www.nushu.cat\/wp-content\/uploads\/2024\/02\/photoroom_20230412_132029-1-100x100.jpeg 100w, https:\/\/www.nushu.cat\/wp-content\/uploads\/2024\/02\/photoroom_20230412_132029-1-600x600.jpeg 600w, https:\/\/www.nushu.cat\/wp-content\/uploads\/2024\/02\/photoroom_20230412_132029-1.jpeg 1550w\" sizes=\"(max-width: 300px) 100vw, 300px\" \/><\/div>\n\t\t\t\t\t<div class=\"wc-block-grid__product-title\">Discos de lact\u00e1ncia<\/div>\n\t\t\t\t<\/a>\n\t\t\t\t<div class=\"wc-block-grid__product-price price\"><span class=\"woocommerce-Price-amount amount\" aria-hidden=\"true\">6,00&nbsp;<span class=\"woocommerce-Price-currencySymbol\">&euro;<\/span><\/span> <span aria-hidden=\"true\">&#8211;<\/span> <span class=\"woocommerce-Price-amount amount\" aria-hidden=\"true\">22,00&nbsp;<span class=\"woocommerce-Price-currencySymbol\">&euro;<\/span><\/span><span class=\"screen-reader-text\">Rango de precios: desde 6,00&nbsp;&euro; hasta 22,00&nbsp;&euro;<\/span> <small class=\"woocommerce-price-suffix\">IVA incluido<\/small><\/div>\n\t\t\t\t\n\t\t\t\t<div class=\"wp-block-button wc-block-grid__product-add-to-cart\"><a href=\"https:\/\/www.nushu.cat\/es\/producto\/pezoneras\/\" aria-label=\"Elige las opciones para &ldquo;Discos de lact\u00e1ncia&rdquo;\" data-quantity=\"1\" data-product_id=\"4532\" data-product_sku=\"\" data-price=\"6\" rel=\"nofollow\" class=\"wp-block-button__link  add_to_cart_button\">Seleccionar opciones<\/a><\/div>\n\t\t\t<\/li><\/ul><\/div><\/div>\n<\/div>\n\n\n\n<p>Y vistos los beneficios a nivel d\u00e9rmico que tiene la leche materna,\u00a0cre\u00e9 el kit para que t\u00fa misma te puedas hacer tu propio jab\u00f3n de leche materna. Con el kit vienen 2 pares de pezoneras y todo lo que necesitas para hacerte t\u00fa misma el jab\u00f3n en casa: instrucciones, materiales, moldes, y bueno, la leche la pones t\u00fa\u2026<\/p>\n\n\n<div data-block-name=\"woocommerce\/handpicked-products\" data-columns=\"1\" data-products=\"[16574]\" class=\"wc-block-grid wp-block-handpicked-products wp-block-woocommerce-handpicked-products wc-block-handpicked-products has-1-columns has-multiple-rows\"><ul class=\"wc-block-grid__products\"><li class=\"wc-block-grid__product\"><span class=\"gtm4wp_productdata\" style=\"display:none; visibility:hidden;\" data-gtm4wp_product_data=\"{&quot;internal_id&quot;:16574,&quot;item_id&quot;:16574,&quot;item_name&quot;:&quot;Kit lactancia&quot;,&quot;sku&quot;:16574,&quot;price&quot;:25,&quot;stocklevel&quot;:null,&quot;stockstatus&quot;:&quot;instock&quot;,&quot;google_business_vertical&quot;:&quot;retail&quot;,&quot;item_category&quot;:&quot;Maternidad y crianza&quot;,&quot;id&quot;:16574,&quot;productlink&quot;:&quot;https:\\\/\\\/www.nushu.cat\\\/es\\\/producto\\\/kit-lactancia\\\/&quot;,&quot;item_list_name&quot;:&quot;Lista general de productos&quot;,&quot;index&quot;:0,&quot;product_type&quot;:&quot;variable&quot;,&quot;item_brand&quot;:&quot;&quot;}\"><\/span>\n\t\t\t\t<a href=\"https:\/\/www.nushu.cat\/es\/producto\/kit-lactancia\/\" class=\"wc-block-grid__product-link\">\n\t\t\t\t\t\n\t\t\t\t\t<div class=\"wc-block-grid__product-image\"><img decoding=\"async\" width=\"300\" height=\"300\" src=\"https:\/\/www.nushu.cat\/wp-content\/uploads\/2026\/04\/discos-de-lactancia-y-jabon-300x300.png\" class=\"attachment-woocommerce_thumbnail size-woocommerce_thumbnail\" alt=\"Kit lactancia\" srcset=\"https:\/\/www.nushu.cat\/wp-content\/uploads\/2026\/04\/discos-de-lactancia-y-jabon-300x300.png 300w, https:\/\/www.nushu.cat\/wp-content\/uploads\/2026\/04\/discos-de-lactancia-y-jabon-150x150.png 150w, https:\/\/www.nushu.cat\/wp-content\/uploads\/2026\/04\/discos-de-lactancia-y-jabon-768x768.png 768w, https:\/\/www.nushu.cat\/wp-content\/uploads\/2026\/04\/discos-de-lactancia-y-jabon-600x600.png 600w, https:\/\/www.nushu.cat\/wp-content\/uploads\/2026\/04\/discos-de-lactancia-y-jabon-100x100.png 100w, https:\/\/www.nushu.cat\/wp-content\/uploads\/2026\/04\/discos-de-lactancia-y-jabon.png 1000w\" sizes=\"(max-width: 300px) 100vw, 300px\" \/><\/div>\n\t\t\t\t\t<div class=\"wc-block-grid__product-title\">Kit lactancia<\/div>\n\t\t\t\t<\/a>\n\t\t\t\t<div class=\"wc-block-grid__product-price price\"><span class=\"woocommerce-Price-amount amount\">25,00&nbsp;<span class=\"woocommerce-Price-currencySymbol\">&euro;<\/span><\/span> <small class=\"woocommerce-price-suffix\">IVA incluido<\/small><\/div>\n\t\t\t\t\n\t\t\t\t<div class=\"wp-block-button wc-block-grid__product-add-to-cart\"><a href=\"https:\/\/www.nushu.cat\/es\/producto\/kit-lactancia\/\" aria-label=\"Elige las opciones para &ldquo;Kit lactancia&rdquo;\" data-quantity=\"1\" data-product_id=\"16574\" data-product_sku=\"\" data-price=\"25\" rel=\"nofollow\" class=\"wp-block-button__link  add_to_cart_button\">Seleccionar opciones<\/a><\/div>\n\t\t\t<\/li><\/ul><\/div>\n\n\n<h2 class=\"wp-block-heading\">Tips de lactancia materna<\/h2>\n\n\n\n<p>Por \u00faltimo,  me encantar\u00e1 mostrarte algunos truquis que tengo yo a la hora de amamantar, ya que la ropa de lactancia es super cara, y adaptando 4 cosas que tenemos por casa, podemos usarlo para facilitarnos esto de sacar el pecho a todas horas.<br>Te los pongo aqu\u00ed seguidos, y te van a mandar a un reel de mi canal de instagram.<\/p>\n\n\n\n<p><a href=\"https:\/\/www.instagram.com\/p\/CjlSeWoD7nJ\/\" target=\"_blank\" rel=\"noreferrer noopener\">-Usar una goma de pelo<\/a><br><a href=\"https:\/\/www.instagram.com\/p\/Cjpyff8DUyv\/\" target=\"_blank\" rel=\"noreferrer noopener\">-Abrigar tus hombros por la noche<\/a><br><a href=\"https:\/\/www.instagram.com\/p\/CjtK2T_jMZK\/\">-Usar una camiseta de tirantes del rev\u00e9s<\/a><\/p>\n\n\n\n<p>Un abrazo bien sostenible, y recuerda: \u00a1somos la leche!<\/p>\n\n\n\n<p> <\/p>\n","protected":false},"excerpt":{"rendered":"<p>Setmana europea de la lactancia materna. Beneficios de la lactancia materna en beb\u00e9s.  <\/p>\n","protected":false},"author":2,"featured_media":263021,"comment_status":"open","ping_status":"open","sticky":false,"template":"","format":"standard","meta":{"_acf_changed":false,"_jetpack_memberships_contains_paid_content":false,"footnotes":""},"categories":[398],"tags":[],"class_list":["post-263019","post","type-post","status-publish","format-standard","has-post-thumbnail","hentry","category-maternidad-sostenible-es"],"acf":[],"yoast_head":"<!-- This site is optimized with the Yoast SEO plugin v27.4 - https:\/\/yoast.com\/product\/yoast-seo-wordpress\/ -->\n<title>Semana Europea de la lactancia materna, del 10 al 16 de Octubre del 2022. - n\u00fcshu<\/title>\n<meta name=\"robots\" content=\"index, follow, max-snippet:-1, max-image-preview:large, max-video-preview:-1\" \/>\n<link rel=\"canonical\" href=\"https:\/\/www.nushu.cat\/es\/semana-europea-de-la-lactancia-materna-del-10-al-16-de-octubre-del-2022\/\" \/>\n<meta property=\"og:locale\" content=\"es_ES\" \/>\n<meta property=\"og:type\" content=\"article\" \/>\n<meta property=\"og:title\" content=\"Semana Europea de la lactancia materna, del 10 al 16 de Octubre del 2022. - n\u00fcshu\" \/>\n<meta property=\"og:description\" content=\"Setmana europea de la lactancia materna. Beneficios de la lactancia materna en beb\u00e9s.\" \/>\n<meta property=\"og:url\" content=\"https:\/\/www.nushu.cat\/es\/semana-europea-de-la-lactancia-materna-del-10-al-16-de-octubre-del-2022\/\" \/>\n<meta property=\"og:site_name\" content=\"n\u00fcshu\" \/>\n<meta property=\"article:publisher\" content=\"https:\/\/www.facebook.com\/nushu.artesania\/\" \/>\n<meta property=\"article:published_time\" content=\"2022-10-14T09:06:00+00:00\" \/>\n<meta property=\"article:modified_time\" content=\"2024-10-10T06:49:00+00:00\" \/>\n<meta property=\"og:image\" content=\"https:\/\/www.nushu.cat\/wp-content\/uploads\/2024\/03\/mugroneres.jpeg\" \/>\n\t<meta property=\"og:image:width\" content=\"1347\" \/>\n\t<meta property=\"og:image:height\" content=\"1347\" \/>\n\t<meta property=\"og:image:type\" content=\"image\/jpeg\" \/>\n<meta name=\"author\" content=\"Gemma Vilalta\" \/>\n<meta name=\"twitter:card\" content=\"summary_large_image\" \/>\n<meta name=\"twitter:label1\" content=\"Escrito por\" \/>\n\t<meta name=\"twitter:data1\" content=\"Gemma Vilalta\" \/>\n\t<meta name=\"twitter:label2\" content=\"Tiempo de lectura\" \/>\n\t<meta name=\"twitter:data2\" content=\"5 minutos\" \/>\n<!-- \/ Yoast SEO plugin. -->","yoast_head_json":{"title":"Semana Europea de la lactancia materna, del 10 al 16 de Octubre del 2022. - n\u00fcshu","robots":{"index":"index","follow":"follow","max-snippet":"max-snippet:-1","max-image-preview":"max-image-preview:large","max-video-preview":"max-video-preview:-1"},"canonical":"https:\/\/www.nushu.cat\/es\/semana-europea-de-la-lactancia-materna-del-10-al-16-de-octubre-del-2022\/","og_locale":"es_ES","og_type":"article","og_title":"Semana Europea de la lactancia materna, del 10 al 16 de Octubre del 2022. - n\u00fcshu","og_description":"Setmana europea de la lactancia materna. Beneficios de la lactancia materna en beb\u00e9s.","og_url":"https:\/\/www.nushu.cat\/es\/semana-europea-de-la-lactancia-materna-del-10-al-16-de-octubre-del-2022\/","og_site_name":"n\u00fcshu","article_publisher":"https:\/\/www.facebook.com\/nushu.artesania\/","article_published_time":"2022-10-14T09:06:00+00:00","article_modified_time":"2024-10-10T06:49:00+00:00","og_image":[{"width":1347,"height":1347,"url":"https:\/\/www.nushu.cat\/wp-content\/uploads\/2024\/03\/mugroneres.jpeg","type":"image\/jpeg"}],"author":"Gemma Vilalta","twitter_card":"summary_large_image","twitter_misc":{"Escrito por":"Gemma Vilalta","Tiempo de lectura":"5 minutos"},"schema":{"@context":"https:\/\/schema.org","@graph":[{"@type":"Article","@id":"https:\/\/www.nushu.cat\/es\/semana-europea-de-la-lactancia-materna-del-10-al-16-de-octubre-del-2022\/#article","isPartOf":{"@id":"https:\/\/www.nushu.cat\/es\/semana-europea-de-la-lactancia-materna-del-10-al-16-de-octubre-del-2022\/"},"author":{"name":"Gemma Vilalta","@id":"https:\/\/www.nushu.cat\/es\/#\/schema\/person\/045bde99b6bd788aca03c9f146b073f0"},"headline":"Semana Europea de la lactancia materna, del 10 al 16 de Octubre del 2022.","datePublished":"2022-10-14T09:06:00+00:00","dateModified":"2024-10-10T06:49:00+00:00","mainEntityOfPage":{"@id":"https:\/\/www.nushu.cat\/es\/semana-europea-de-la-lactancia-materna-del-10-al-16-de-octubre-del-2022\/"},"wordCount":955,"commentCount":0,"publisher":{"@id":"https:\/\/www.nushu.cat\/es\/#organization"},"image":{"@id":"https:\/\/www.nushu.cat\/es\/semana-europea-de-la-lactancia-materna-del-10-al-16-de-octubre-del-2022\/#primaryimage"},"thumbnailUrl":"https:\/\/www.nushu.cat\/wp-content\/uploads\/2024\/03\/mugroneres.jpeg","articleSection":["Maternidad sostenible"],"inLanguage":"es","potentialAction":[{"@type":"CommentAction","name":"Comment","target":["https:\/\/www.nushu.cat\/es\/semana-europea-de-la-lactancia-materna-del-10-al-16-de-octubre-del-2022\/#respond"]}]},{"@type":"WebPage","@id":"https:\/\/www.nushu.cat\/es\/semana-europea-de-la-lactancia-materna-del-10-al-16-de-octubre-del-2022\/","url":"https:\/\/www.nushu.cat\/es\/semana-europea-de-la-lactancia-materna-del-10-al-16-de-octubre-del-2022\/","name":"Semana Europea de la lactancia materna, del 10 al 16 de Octubre del 2022. - n\u00fcshu","isPartOf":{"@id":"https:\/\/www.nushu.cat\/es\/#website"},"primaryImageOfPage":{"@id":"https:\/\/www.nushu.cat\/es\/semana-europea-de-la-lactancia-materna-del-10-al-16-de-octubre-del-2022\/#primaryimage"},"image":{"@id":"https:\/\/www.nushu.cat\/es\/semana-europea-de-la-lactancia-materna-del-10-al-16-de-octubre-del-2022\/#primaryimage"},"thumbnailUrl":"https:\/\/www.nushu.cat\/wp-content\/uploads\/2024\/03\/mugroneres.jpeg","datePublished":"2022-10-14T09:06:00+00:00","dateModified":"2024-10-10T06:49:00+00:00","breadcrumb":{"@id":"https:\/\/www.nushu.cat\/es\/semana-europea-de-la-lactancia-materna-del-10-al-16-de-octubre-del-2022\/#breadcrumb"},"inLanguage":"es","potentialAction":[{"@type":"ReadAction","target":["https:\/\/www.nushu.cat\/es\/semana-europea-de-la-lactancia-materna-del-10-al-16-de-octubre-del-2022\/"]}]},{"@type":"ImageObject","inLanguage":"es","@id":"https:\/\/www.nushu.cat\/es\/semana-europea-de-la-lactancia-materna-del-10-al-16-de-octubre-del-2022\/#primaryimage","url":"https:\/\/www.nushu.cat\/wp-content\/uploads\/2024\/03\/mugroneres.jpeg","contentUrl":"https:\/\/www.nushu.cat\/wp-content\/uploads\/2024\/03\/mugroneres.jpeg","width":1347,"height":1347,"caption":"Mugroneres"},{"@type":"BreadcrumbList","@id":"https:\/\/www.nushu.cat\/es\/semana-europea-de-la-lactancia-materna-del-10-al-16-de-octubre-del-2022\/#breadcrumb","itemListElement":[{"@type":"ListItem","position":1,"name":"Inici","item":"https:\/\/www.nushu.cat\/es\/compreses-de-tela\/"},{"@type":"ListItem","position":2,"name":"Semana Europea de la lactancia materna, del 10 al 16 de Octubre del 2022."}]},{"@type":"WebSite","@id":"https:\/\/www.nushu.cat\/es\/#website","url":"https:\/\/www.nushu.cat\/es\/","name":"n\u00fcshu","description":"natural &amp; sostenible","publisher":{"@id":"https:\/\/www.nushu.cat\/es\/#organization"},"potentialAction":[{"@type":"SearchAction","target":{"@type":"EntryPoint","urlTemplate":"https:\/\/www.nushu.cat\/es\/?s={search_term_string}"},"query-input":{"@type":"PropertyValueSpecification","valueRequired":true,"valueName":"search_term_string"}}],"inLanguage":"es"},{"@type":"Organization","@id":"https:\/\/www.nushu.cat\/es\/#organization","name":"n\u00fcshu","url":"https:\/\/www.nushu.cat\/es\/","logo":{"@type":"ImageObject","inLanguage":"es","@id":"https:\/\/www.nushu.cat\/es\/#\/schema\/logo\/image\/","url":"https:\/\/www.nushu.cat\/wp-content\/uploads\/2024\/02\/nushu-share-1-1.png","contentUrl":"https:\/\/www.nushu.cat\/wp-content\/uploads\/2024\/02\/nushu-share-1-1.png","width":1080,"height":1080,"caption":"n\u00fcshu"},"image":{"@id":"https:\/\/www.nushu.cat\/es\/#\/schema\/logo\/image\/"},"sameAs":["https:\/\/www.facebook.com\/nushu.artesania\/","https:\/\/www.instagram.com\/nushu_artesania"]},{"@type":"Person","@id":"https:\/\/www.nushu.cat\/es\/#\/schema\/person\/045bde99b6bd788aca03c9f146b073f0","name":"Gemma Vilalta"}]}},"jetpack_featured_media_url":"https:\/\/www.nushu.cat\/wp-content\/uploads\/2024\/03\/mugroneres.jpeg","jetpack_sharing_enabled":true,"_links":{"self":[{"href":"https:\/\/www.nushu.cat\/es\/wp-json\/wp\/v2\/posts\/263019","targetHints":{"allow":["GET"]}}],"collection":[{"href":"https:\/\/www.nushu.cat\/es\/wp-json\/wp\/v2\/posts"}],"about":[{"href":"https:\/\/www.nushu.cat\/es\/wp-json\/wp\/v2\/types\/post"}],"author":[{"embeddable":true,"href":"https:\/\/www.nushu.cat\/es\/wp-json\/wp\/v2\/users\/2"}],"replies":[{"embeddable":true,"href":"https:\/\/www.nushu.cat\/es\/wp-json\/wp\/v2\/comments?post=263019"}],"version-history":[{"count":1,"href":"https:\/\/www.nushu.cat\/es\/wp-json\/wp\/v2\/posts\/263019\/revisions"}],"predecessor-version":[{"id":263020,"href":"https:\/\/www.nushu.cat\/es\/wp-json\/wp\/v2\/posts\/263019\/revisions\/263020"}],"wp:featuredmedia":[{"embeddable":true,"href":"https:\/\/www.nushu.cat\/es\/wp-json\/wp\/v2\/media\/263021"}],"wp:attachment":[{"href":"https:\/\/www.nushu.cat\/es\/wp-json\/wp\/v2\/media?parent=263019"}],"wp:term":[{"taxonomy":"category","embeddable":true,"href":"https:\/\/www.nushu.cat\/es\/wp-json\/wp\/v2\/categories?post=263019"},{"taxonomy":"post_tag","embeddable":true,"href":"https:\/\/www.nushu.cat\/es\/wp-json\/wp\/v2\/tags?post=263019"}],"curies":[{"name":"wp","href":"https:\/\/api.w.org\/{rel}","templated":true}]}}