{"id":263026,"date":"2022-12-07T09:50:00","date_gmt":"2022-12-07T08:50:00","guid":{"rendered":"https:\/\/www.nushu.cat\/?p=263026"},"modified":"2024-10-10T08:48:59","modified_gmt":"2024-10-10T06:48:59","slug":"menarquia","status":"publish","type":"post","link":"https:\/\/www.nushu.cat\/es\/menarquia\/","title":{"rendered":"Menarquia"},"content":{"rendered":"\n<h2 class=\"wp-block-heading\">\u00bfQu\u00e9 es la menarqu\u00eda?<\/h2>\n\n\n\n<p>Si escribimos \u201c<strong>menarquia<\/strong>\u201d en Google nos sale una descripci\u00f3n como esta:<br>Se denomina menarquia a <strong>la primera menstruaci\u00f3n<\/strong> de una mujer. Es el acontecimiento que marca el final del desarrollo puberal y el comienzo de la madurez sexual.<\/p>\n\n\n\n<p>Esta descripci\u00f3n nos dice qu\u00e9 es la menarqu\u00eda, pero no lo que implica y es que\u2026 <strong>\u00a1Qu\u00e9 momentazo de la vida! <\/strong>De esos qu<span style=\"text-decoration: underline;\">e no se olvidan<\/span> y podemos recordarlo como si fuera ayer, \u00a1Aunque hayan pasado a\u00f1os!<br>\u00bfC\u00f3mo lo viviste t\u00fa?\u00bfCrees que ha cambiado mucho la forma de enfocarlo con las nuevas generaciones?<\/p>\n\n\n\n<p>Pienso que ojal\u00e1 nuestras madres, y sus madres a ellas, nos hubieran podido acompa\u00f1ar distinto\u2026 Pero ellas no tuvieron acceso a toda la informaci\u00f3n, recursos y materiales que existen hoy en d\u00eda. Con este art\u00edculo, me gustar\u00eda aportar mi granito de arena para que este conocimiento se extienda y hoy podamos acompa\u00f1ar a las futuras generaciones en su primera menstruaci\u00f3n de una forma m\u00e1s consciente y amorosa.<\/p>\n\n\n\n<p> <\/p>\n\n\n\n<h2 class=\"wp-block-heading\">El primer sangrado menstrual no viene por sorpresa. La menarquia avisa antes de llegar.<\/h2>\n\n\n\n<p>Antes de la menarqu\u00eda, el cuerpo nos avisa con una serie de cambios f\u00edsicos que llegan antes del primer sangrado menstrual.<\/p>\n\n\n\n<ul class=\"wp-block-list\">\n<li><span style=\"text-decoration: underline;\">Telarquia<\/span>, salida del bot\u00f3n mamario. Es el inicio del desarrollo de la mama y ocurre en respuesta al incremento de estr\u00f3genos circulantes.<\/li>\n\n\n\n<li><span style=\"text-decoration: underline;\">Pubarquia,<\/span> la primera aparici\u00f3n de vello p\u00fabico como consecuencia del aumento natural y fisiol\u00f3gico de los niveles de andr\u00f3genos.<\/li>\n\n\n\n<li><span style=\"text-decoration: underline;\">Axilarquia,<\/span> aparici\u00f3n del vello en regi\u00f3n axilar.<\/li>\n\n\n\n<li><span style=\"text-decoration: underline;\">-Aparici\u00f3n de flujo vaginal,<\/span> m\u00e1s claro, m\u00e1s espeso o incluso colorado de rojo o marr\u00f3n, seg\u00fan en qu\u00e9 fase del ciclo est\u00e9n.<\/li>\n<\/ul>\n\n\n\n<p>Adem\u00e1s, unas semanas antes de la menarqu\u00eda nuestro cuerpo experimenta el primer ciclo menstrual: <strong>ovulamos y al cabo de dos semanas sangramos<\/strong>. Unos d\u00edas antes de la menarqu\u00eda, las <strong>sensaciones en el bajo vientre<\/strong> como molestias, dolores, pesadez, retorcijones,\u2026 se har\u00e1n m\u00e1s intensas y tambi\u00e9n podemos notar los <strong>pechos sensibles y duros<\/strong>.<br>Unas horas antes, podemos encontrar flujo marr\u00f3n o rosado, notar un sabor nuevo en la boca, el vientre hinchado y sensaciones intensas o dolor en esta zona. Tendremos muy poca energ\u00eda, ganas de descansar y de dormir, la mente un poco ca\u00f3tica, las emociones a flor de piel.<br>\u00a1Y finalmente llegar\u00e1 el primer sangrado!<\/p>\n\n\n\n<p> <\/p>\n\n\n\n<h2 class=\"wp-block-heading\">\u00bfC\u00f3mo podemos acompa\u00f1ar su primera menstruaci\u00f3n?<\/h2>\n\n\n\n<p>La clave est\u00e1 en <strong>hacer un acompa\u00f1amiento respetuoso.<\/strong> Comunicarte de manera transparente y tranquila, y transmitir seguridad y cercan\u00eda para que conf\u00eden en ti.<br>En mi opini\u00f3n, estos son los puntos b\u00e1sicos que deben ser gestionados para que, cuando suceda, la adolescente se sienta tranquila y preparada:<\/p>\n\n\n\n<ul class=\"wp-block-list\">\n<li>Que tenga la informaci\u00f3n de lo que va a ocurrir, antes de que pase. As\u00ed poder anticiparse y comprender lo que pasa cuando llegue el momento.<\/li>\n\n\n\n<li>Que conf\u00ede en las personas que tiene cerca para poder cont\u00e1rselo sin tapujos, verg\u00fcenzas ni miedos.<\/li>\n\n\n\n<li>Que comprenda todo el proceso: no tan solo es un sangrado, sino que la expulsi\u00f3n del endometrio es la parte final del ciclo. Conocer (para as\u00ed comprender) todos los cambios biol\u00f3gicos y c\u00edclicos que conlleva.<\/li>\n\n\n\n<li>Tener material menstrual saludable y respetuoso preparado para cuando llegue el momento: compresas de tela, copa menstrual, braguitas menstruales,\u2026<\/li>\n\n\n\n<li>Acompa\u00f1ar una buena educaci\u00f3n sexual. La sexualidad es un \u00e1mbito de la vida que requiere tanta formaci\u00f3n como las matem\u00e1ticas o la lengua. Poco a poco ir\u00e1 apareciendo el deseo sexual f\u00e9rtil: es un gran regalo, pero tambi\u00e9n una gran responsabilidad. Si las adultas de confianza no les hablamos claro y en profundidad, solo se quedar\u00e1n con la versi\u00f3n del porno.<\/li>\n\n\n\n<li>Con la llegada de la menstruaci\u00f3n pueden llegar tambi\u00e9n dolores o molestias uterinas. Aporta informaci\u00f3n y proporciona alternativas saludables para aliviar el dolor.<\/li>\n<\/ul>\n\n\n\n<p><\/p>\n\n\n\n<h2 class=\"wp-block-heading\">Se puede celebrar con un ritual de paso<\/h2>\n\n\n\n<p>El d\u00eda en el que llega la menarqu\u00eda es bonito hacer alg\u00fan tipo de celebraci\u00f3n familiar (si as\u00ed lo quer\u00e9is) para acompa\u00f1ar a la adolescente en este paso vital.<br>Se puede celebrar de mil maneras: haciendo una comida especial con los miembros del n\u00facleo familiar, cantando y bailando en el momento de recibir la noticia, yendo a un sitio especial, con un regalo,&#8230; Es muy importante haber consensuado con la persona homenajeada el formato y los invitados a la celebraci\u00f3n, ya que se trata de un acontecimiento muy \u00edntimo.<br><strong>Convierte este momento en un tesoro en su memoria.<\/strong><\/p>\n\n\n\n<p><\/p>\n\n\n\n<h2 class=\"wp-block-heading\">Un kit menarquia, un regalo precioso.<\/h2>\n\n\n\n<p>Para que la persona a punto de menstruar est\u00e9 preparada cuando llegue este momento, una gran opci\u00f3n es regalarle un kit con todo lo que va a necesitar.<br>Para m\u00ed es clave que este regalo cumpla 3 objetivos:<\/p>\n\n\n\n<ul class=\"wp-block-list\">\n<li>Aprendizaje sobre la menstruaci\u00f3n y la ciclicidad<\/li>\n\n\n\n<li>Autoconocimiento<\/li>\n\n\n\n<li>Sostenibilidad y respeto por el propio cuerpo<\/li>\n<\/ul>\n\n\n\n<p>En esta l\u00ednea, lo ideal ser\u00eda que en ese kit incluyamos alg\u00fan <strong>libro<\/strong> sobre ciclicidad y menstruaci\u00f3n, escrito para su edad. Tambi\u00e9n alg\u00fan tipo de <strong>diagrama menstrual<\/strong> o diario donde ella pueda recoger todo lo que experimenta en su cuerpo y reflexionar sobre ello. Por \u00faltimo, no puede faltar alg\u00fan <strong>sistema de recogida de sangre<\/strong> sostenible y respetuoso con su cuerpo, como pueden ser unas compresas de tela o unas braguitas menstruales; dos formatos ideales para introducirse en esta etapa de su vida cuidando su piel y el planeta de forma c\u00f3moda y agradable. \u00a1Todas recordamos la primera compresa desechable que utilizamos!<\/p>\n\n\n\n<p>Este regalo puedes crearlo t\u00fa misma con los materiales que tengas a tu alcance, pero tambi\u00e9n puedes comprar el <a href=\"https:\/\/www.nushu.cat\/es\/producto\/kit-menarquia\/\" target=\"_blank\" rel=\"noreferrer noopener\">Kit Menarqu\u00eda n\u00fcshu<\/a> que he creado con mucho cari\u00f1o para que las futuras generaciones puedan recibir su primera menstruaci\u00f3n como me hubiese gustado a m\u00ed vivirla.<\/p>\n\n\n<div data-block-name=\"woocommerce\/handpicked-products\" data-columns=\"1\" data-products=\"[18028]\" class=\"wc-block-grid wp-block-handpicked-products wp-block-woocommerce-handpicked-products wc-block-handpicked-products has-1-columns has-multiple-rows\"><ul class=\"wc-block-grid__products\"><li class=\"wc-block-grid__product\"><span class=\"gtm4wp_productdata\" style=\"display:none; visibility:hidden;\" data-gtm4wp_product_data=\"{&quot;internal_id&quot;:18028,&quot;item_id&quot;:18028,&quot;item_name&quot;:&quot;KIT MENARQU\\u00cdA: Tu Primera Regla Sostenible&quot;,&quot;sku&quot;:18028,&quot;price&quot;:77,&quot;stocklevel&quot;:null,&quot;stockstatus&quot;:&quot;instock&quot;,&quot;google_business_vertical&quot;:&quot;retail&quot;,&quot;item_category&quot;:&quot;Sostenible&quot;,&quot;id&quot;:18028,&quot;productlink&quot;:&quot;https:\\\/\\\/www.nushu.cat\\\/es\\\/producto\\\/kit-menarquia\\\/&quot;,&quot;item_list_name&quot;:&quot;Lista general de productos&quot;,&quot;index&quot;:0,&quot;product_type&quot;:&quot;variable&quot;,&quot;item_brand&quot;:&quot;&quot;}\"><\/span>\n\t\t\t\t<a href=\"https:\/\/www.nushu.cat\/es\/producto\/kit-menarquia\/\" class=\"wc-block-grid__product-link\">\n\t\t\t\t\t<div class=\"wc-block-grid__product-onsale\">\n\t\t\t<span aria-hidden=\"true\">Oferta<\/span>\n\t\t\t<span class=\"screen-reader-text\">Producto en oferta<\/span>\n\t\t<\/div>\n\t\t\t\t\t<div class=\"wc-block-grid__product-image\"><img fetchpriority=\"high\" decoding=\"async\" width=\"300\" height=\"300\" src=\"https:\/\/www.nushu.cat\/wp-content\/uploads\/2022\/10\/8-kit-menarquia-300x300.webp\" class=\"attachment-woocommerce_thumbnail size-woocommerce_thumbnail\" alt=\"Kit menarqu\u00eda: primera regla sostenible\" srcset=\"https:\/\/www.nushu.cat\/wp-content\/uploads\/2022\/10\/8-kit-menarquia-300x300.webp 300w, https:\/\/www.nushu.cat\/wp-content\/uploads\/2022\/10\/8-kit-menarquia-1024x1024.webp 1024w, https:\/\/www.nushu.cat\/wp-content\/uploads\/2022\/10\/8-kit-menarquia-150x150.webp 150w, https:\/\/www.nushu.cat\/wp-content\/uploads\/2022\/10\/8-kit-menarquia-768x768.webp 768w, https:\/\/www.nushu.cat\/wp-content\/uploads\/2022\/10\/8-kit-menarquia-600x600.webp 600w, https:\/\/www.nushu.cat\/wp-content\/uploads\/2022\/10\/8-kit-menarquia-100x100.webp 100w, https:\/\/www.nushu.cat\/wp-content\/uploads\/2022\/10\/8-kit-menarquia.webp 1500w\" sizes=\"(max-width: 300px) 100vw, 300px\" \/><\/div>\n\t\t\t\t\t<div class=\"wc-block-grid__product-title\">KIT MENARQU\u00cdA: Tu Primera Regla Sostenible<\/div>\n\t\t\t\t<\/a>\n\t\t\t\t<div class=\"wc-block-grid__product-price price\"><del aria-hidden=\"true\"><span class=\"woocommerce-Price-amount amount\">81,00&nbsp;<span class=\"woocommerce-Price-currencySymbol\">&euro;<\/span><\/span><\/del> <span class=\"screen-reader-text\">El precio original era: 81,00&nbsp;&euro;.<\/span><ins aria-hidden=\"true\"><span class=\"woocommerce-Price-amount amount\">77,00&nbsp;<span class=\"woocommerce-Price-currencySymbol\">&euro;<\/span><\/span><\/ins><span class=\"screen-reader-text\">El precio actual es: 77,00&nbsp;&euro;.<\/span> <small class=\"woocommerce-price-suffix\">IVA incluido<\/small><\/div>\n\t\t\t\t\n\t\t\t\t<div class=\"wp-block-button wc-block-grid__product-add-to-cart\"><a href=\"https:\/\/www.nushu.cat\/es\/producto\/kit-menarquia\/\" aria-label=\"Elige las opciones para &ldquo;KIT MENARQU\u00cdA: Tu Primera Regla Sostenible&rdquo;\" data-quantity=\"1\" data-product_id=\"18028\" data-product_sku=\"\" data-price=\"77\" rel=\"nofollow\" class=\"wp-block-button__link  add_to_cart_button\">Seleccionar opciones<\/a><\/div>\n\t\t\t<\/li><\/ul><\/div>\n\n\n<h2 class=\"wp-block-heading\">\u00bfQu\u00e9 no debe tener un kit menarquia?<\/h2>\n\n\n\n<p>Solo para que os hag\u00e1is una idea de las barbaridades que se les ofrece a las chicas en un \u201ckit menarquia\u201d cero consciente:<\/p>\n\n\n\n<figure class=\"wp-block-gallery has-nested-images columns-default is-cropped wp-block-gallery-1 is-layout-flex wp-block-gallery-is-layout-flex\">\n<figure class=\"wp-block-image size-full\"><img decoding=\"async\" data-id=\"260844\" src=\"https:\/\/www.nushu.cat\/wp-content\/uploads\/2022\/12\/il_794xN.4432653267_5hx4.webp\" alt=\"\u00bfQu\u00e9 no debe tener un kit menarquia?\" class=\"wp-image-260844\"\/><\/figure>\n\n\n\n<figure class=\"wp-block-image size-full\"><img decoding=\"async\" data-id=\"260840\" src=\"https:\/\/www.nushu.cat\/wp-content\/uploads\/2022\/12\/il_794xN.3875778557_ebz4.webp\" alt=\"\u00bfQu\u00e9 no debe tener un kit menarquia?\" class=\"wp-image-260840\"\/><\/figure>\n\n\n\n<figure class=\"wp-block-image size-full\"><img decoding=\"async\" data-id=\"260836\" src=\"https:\/\/www.nushu.cat\/wp-content\/uploads\/2022\/12\/il_794xN.3867208949_4vq3.webp\" alt=\"\u00bfQu\u00e9 no debe tener un kit menarquia?\" class=\"wp-image-260836\"\/><\/figure>\n\n\n\n<figure class=\"wp-block-image size-full\"><img decoding=\"async\" data-id=\"260832\" src=\"https:\/\/www.nushu.cat\/wp-content\/uploads\/2022\/12\/il_794xN.3827675940_6wzb.webp\" alt=\"\u00bfQu\u00e9 no debe tener un kit menarquia?\" class=\"wp-image-260832\"\/><\/figure>\n\n\n\n<figure class=\"wp-block-image size-full\"><img decoding=\"async\" data-id=\"260828\" src=\"https:\/\/www.nushu.cat\/wp-content\/uploads\/2022\/12\/il_794xN.3729911509_cn63.webp\" alt=\"\" class=\"wp-image-260828\"\/><\/figure>\n\n\n\n<figure class=\"wp-block-image size-full\"><img decoding=\"async\" data-id=\"260824\" src=\"https:\/\/www.nushu.cat\/wp-content\/uploads\/2022\/12\/il_794xN.3040423940_anfc-1.webp\" alt=\"\u00bfQu\u00e9 no debe tener un kit menarquia?\" class=\"wp-image-260824\"\/><\/figure>\n<\/figure>\n\n\n\n<p>Az\u00facar y chocolatinas, productos sint\u00e9ticos, pintau\u00f1as, pinta labios, mascarillas faciales, desodorantes y perfumes, un mont\u00f3n de pl\u00e1sticos\u2026<\/p>\n\n\n\n<ul class=\"wp-block-list\">\n<li>Sexualiz\u00e1ndolas: ya eres mujer, eres f\u00e9rtil: p\u00edntate y s\u00e9 un buen escaparate: un producto para el hombre.<\/li>\n\n\n\n<li>Consol\u00e1ndolas con az\u00facar en lugar de ayudarlas a entenderse y a saber \u201cqu\u00e9 les pasa\u201d y porqu\u00e9.<\/li>\n\n\n\n<li>Sin aportar material did\u00e1ctico y conocimiento\u2026<\/li>\n\n\n\n<li>Con compresas de un solo uso, que adem\u00e1s de contaminar, van a causar picores, irritaciones y alergias haci\u00e9ndoles creer que es lo que les toca por su \u201ccondici\u00f3n\u201d de ser mujer y menstruar\u2026\n<ul class=\"wp-block-list\">\n<li><\/li>\n<\/ul>\n<\/li>\n<\/ul>\n\n\n\n<p><\/p>\n\n\n\n<h2 class=\"wp-block-heading\">Libros para acompa\u00f1ar la menarquia<\/h2>\n\n\n\n<p>Lo de que \u201cla regla es un tab\u00fa\u201d creo que cada vez es menos verdad. Y, cada vez, las ni\u00f1as llegan a su menarquia con mucho m\u00e1s acompa\u00f1amiento e informaci\u00f3n.<br>Gracias a las nuevas tecnolog\u00edas, redes sociales y la democratizaci\u00f3n de la informaci\u00f3n, muchas sex\u00f3logas, psic\u00f3logas, escritoras, ilustradoras se han dado a conocer y han publicado libros amenos y sencillos para acompa\u00f1ar a las adolescentes a comprender mejor todos estos cambios que van a vivir, viven o han vivido. \u00a1Gracias! Esto nos facilita mucho el acompa\u00f1amiento.<br>Os dejo aqu\u00ed una lista:<\/p>\n\n\n\n<ul class=\"wp-block-list\">\n<li><a href=\"https:\/\/www.nushu.cat\/es\/producto\/el-baile-de-la-vida-en-las-mujeres-un-recorrido-por-nuestras-etapas-vitales-al-natural\/\" target=\"_blank\" rel=\"noreferrer noopener\">El baile de la vida en las mujeres<\/a><\/li>\n\n\n\n<li><a href=\"https:\/\/www.nushu.cat\/es\/producto\/el-tesoro-de-lilith\/\" target=\"_blank\" rel=\"noreferrer noopener\">El tesoro de lilith<\/a><\/li>\n\n\n\n<li><a href=\"https:\/\/www.nushu.cat\/es\/producto\/la-regla-mola-si-sabes-como-funciona\/\" target=\"_blank\" rel=\"noreferrer noopener\">La regla mola<\/a><\/li>\n\n\n\n<li>Luna nueva<\/li>\n\n\n\n<li>El rojo es bello<\/li>\n\n\n\n<li>\u00a1Hola menstruaci\u00f3n!<\/li>\n\n\n\n<li>El libro rojo de las ni\u00f1as<\/li>\n\n\n\n<li>El hilo rojo de lua<\/li>\n\n\n\n<li>La magia de daniela<\/li>\n\n\n\n<li>Mam\u00e1, me ha venido la regla<\/li>\n\n\n\n<li>Gu\u00eda genial para una chica como tu<\/li>\n\n\n\n<li>\u00bfQu\u00e9 me est\u00e1 pasando?<\/li>\n<\/ul>\n\n\n\n<p><\/p>\n\n\n\n<p>Espero haber sido de ayuda para que pod\u00e1is acompa\u00f1ar de forma amorosa y bonita a esa persona que est\u00e1 entrando en el precioso mundo de la menarqu\u00eda y la ciclicidad, ayudaros a dar el acompa\u00f1amiento que os hubiera gustado recibir.\u00bfHay algo m\u00e1s que consideres importante para acompa\u00f1ar en este proceso? D\u00e9jalo en los comentarios.<\/p>\n\n\n<figure class=\"wp-block-post-featured-image\"><a href=\"https:\/\/www.nushu.cat\/es\/menarquia\/\" target=\"_self\"  ><img decoding=\"async\" width=\"1790\" height=\"1790\" src=\"https:\/\/www.nushu.cat\/wp-content\/uploads\/2022\/10\/9577011A-589D-4D6D-83E8-65B04BBEA8E6.jpg\" class=\"attachment-post-thumbnail size-post-thumbnail wp-post-image\" alt=\"Menarquia\" style=\"object-fit:cover;\" srcset=\"https:\/\/www.nushu.cat\/wp-content\/uploads\/2022\/10\/9577011A-589D-4D6D-83E8-65B04BBEA8E6.jpg 1790w, https:\/\/www.nushu.cat\/wp-content\/uploads\/2022\/10\/9577011A-589D-4D6D-83E8-65B04BBEA8E6-300x300.jpg 300w, https:\/\/www.nushu.cat\/wp-content\/uploads\/2022\/10\/9577011A-589D-4D6D-83E8-65B04BBEA8E6-1024x1024.jpg 1024w, https:\/\/www.nushu.cat\/wp-content\/uploads\/2022\/10\/9577011A-589D-4D6D-83E8-65B04BBEA8E6-150x150.jpg 150w, https:\/\/www.nushu.cat\/wp-content\/uploads\/2022\/10\/9577011A-589D-4D6D-83E8-65B04BBEA8E6-768x768.jpg 768w, https:\/\/www.nushu.cat\/wp-content\/uploads\/2022\/10\/9577011A-589D-4D6D-83E8-65B04BBEA8E6-1536x1536.jpg 1536w, https:\/\/www.nushu.cat\/wp-content\/uploads\/2022\/10\/9577011A-589D-4D6D-83E8-65B04BBEA8E6-600x600.jpg 600w, https:\/\/www.nushu.cat\/wp-content\/uploads\/2022\/10\/9577011A-589D-4D6D-83E8-65B04BBEA8E6-100x100.jpg 100w\" sizes=\"(max-width: 1790px) 100vw, 1790px\" \/><\/a><\/figure>","protected":false},"excerpt":{"rendered":"<p>\u00bfQu\u00e9 es la menarqu\u00eda? Si escribimos \u201cmenarquia\u201d en Google nos sale una descripci\u00f3n como esta:Se denomina menarquia a la primera menstruaci\u00f3n de una mujer. Es el acontecimiento que marca el final del desarrollo puberal y el comienzo de la madurez sexual. Esta descripci\u00f3n nos dice qu\u00e9 es la menarqu\u00eda, pero no lo que implica y [&hellip;]<\/p>\n","protected":false},"author":2,"featured_media":261997,"comment_status":"open","ping_status":"open","sticky":false,"template":"","format":"standard","meta":{"_acf_changed":false,"_jetpack_memberships_contains_paid_content":false,"footnotes":""},"categories":[394],"tags":[],"class_list":["post-263026","post","type-post","status-publish","format-standard","has-post-thumbnail","hentry","category-menstruacion-sostenible"],"acf":[],"yoast_head":"<!-- This site is optimized with the Yoast SEO plugin v27.4 - https:\/\/yoast.com\/product\/yoast-seo-wordpress\/ -->\n<title>Menarquia - n\u00fcshu<\/title>\n<meta name=\"robots\" content=\"index, follow, max-snippet:-1, max-image-preview:large, max-video-preview:-1\" \/>\n<link rel=\"canonical\" href=\"https:\/\/www.nushu.cat\/es\/menarquia\/\" \/>\n<meta property=\"og:locale\" content=\"es_ES\" \/>\n<meta property=\"og:type\" content=\"article\" \/>\n<meta property=\"og:title\" content=\"Menarquia - n\u00fcshu\" \/>\n<meta property=\"og:description\" content=\"\u00bfQu\u00e9 es la menarqu\u00eda? Si escribimos \u201cmenarquia\u201d en Google nos sale una descripci\u00f3n como esta:Se denomina menarquia a la primera menstruaci\u00f3n de una mujer. Es el acontecimiento que marca el final del desarrollo puberal y el comienzo de la madurez sexual. Esta descripci\u00f3n nos dice qu\u00e9 es la menarqu\u00eda, pero no lo que implica y [&hellip;]\" \/>\n<meta property=\"og:url\" content=\"https:\/\/www.nushu.cat\/es\/menarquia\/\" \/>\n<meta property=\"og:site_name\" content=\"n\u00fcshu\" \/>\n<meta property=\"article:publisher\" content=\"https:\/\/www.facebook.com\/nushu.artesania\/\" \/>\n<meta property=\"article:published_time\" content=\"2022-12-07T08:50:00+00:00\" \/>\n<meta property=\"article:modified_time\" content=\"2024-10-10T06:48:59+00:00\" \/>\n<meta property=\"og:image\" content=\"https:\/\/www.nushu.cat\/wp-content\/uploads\/2022\/10\/9577011A-589D-4D6D-83E8-65B04BBEA8E6.jpg\" \/>\n\t<meta property=\"og:image:width\" content=\"1790\" \/>\n\t<meta property=\"og:image:height\" content=\"1790\" \/>\n\t<meta property=\"og:image:type\" content=\"image\/jpeg\" \/>\n<meta name=\"author\" content=\"Gemma Vilalta\" \/>\n<meta name=\"twitter:card\" content=\"summary_large_image\" \/>\n<meta name=\"twitter:label1\" content=\"Escrito por\" \/>\n\t<meta name=\"twitter:data1\" content=\"Gemma Vilalta\" \/>\n\t<meta name=\"twitter:label2\" content=\"Tiempo de lectura\" \/>\n\t<meta name=\"twitter:data2\" content=\"8 minutos\" \/>\n<!-- \/ Yoast SEO plugin. -->","yoast_head_json":{"title":"Menarquia - n\u00fcshu","robots":{"index":"index","follow":"follow","max-snippet":"max-snippet:-1","max-image-preview":"max-image-preview:large","max-video-preview":"max-video-preview:-1"},"canonical":"https:\/\/www.nushu.cat\/es\/menarquia\/","og_locale":"es_ES","og_type":"article","og_title":"Menarquia - n\u00fcshu","og_description":"\u00bfQu\u00e9 es la menarqu\u00eda? Si escribimos \u201cmenarquia\u201d en Google nos sale una descripci\u00f3n como esta:Se denomina menarquia a la primera menstruaci\u00f3n de una mujer. Es el acontecimiento que marca el final del desarrollo puberal y el comienzo de la madurez sexual. Esta descripci\u00f3n nos dice qu\u00e9 es la menarqu\u00eda, pero no lo que implica y [&hellip;]","og_url":"https:\/\/www.nushu.cat\/es\/menarquia\/","og_site_name":"n\u00fcshu","article_publisher":"https:\/\/www.facebook.com\/nushu.artesania\/","article_published_time":"2022-12-07T08:50:00+00:00","article_modified_time":"2024-10-10T06:48:59+00:00","og_image":[{"width":1790,"height":1790,"url":"https:\/\/www.nushu.cat\/wp-content\/uploads\/2022\/10\/9577011A-589D-4D6D-83E8-65B04BBEA8E6.jpg","type":"image\/jpeg"}],"author":"Gemma Vilalta","twitter_card":"summary_large_image","twitter_misc":{"Escrito por":"Gemma Vilalta","Tiempo de lectura":"8 minutos"},"schema":{"@context":"https:\/\/schema.org","@graph":[{"@type":"Article","@id":"https:\/\/www.nushu.cat\/es\/menarquia\/#article","isPartOf":{"@id":"https:\/\/www.nushu.cat\/es\/menarquia\/"},"author":{"name":"Gemma Vilalta","@id":"https:\/\/www.nushu.cat\/es\/#\/schema\/person\/045bde99b6bd788aca03c9f146b073f0"},"headline":"Menarquia","datePublished":"2022-12-07T08:50:00+00:00","dateModified":"2024-10-10T06:48:59+00:00","mainEntityOfPage":{"@id":"https:\/\/www.nushu.cat\/es\/menarquia\/"},"wordCount":1373,"commentCount":0,"publisher":{"@id":"https:\/\/www.nushu.cat\/es\/#organization"},"image":{"@id":"https:\/\/www.nushu.cat\/es\/menarquia\/#primaryimage"},"thumbnailUrl":"https:\/\/www.nushu.cat\/wp-content\/uploads\/2022\/10\/9577011A-589D-4D6D-83E8-65B04BBEA8E6.jpg","articleSection":["Menstruaci\u00f3n sostenible"],"inLanguage":"es","potentialAction":[{"@type":"CommentAction","name":"Comment","target":["https:\/\/www.nushu.cat\/es\/menarquia\/#respond"]}]},{"@type":"WebPage","@id":"https:\/\/www.nushu.cat\/es\/menarquia\/","url":"https:\/\/www.nushu.cat\/es\/menarquia\/","name":"Menarquia - n\u00fcshu","isPartOf":{"@id":"https:\/\/www.nushu.cat\/es\/#website"},"primaryImageOfPage":{"@id":"https:\/\/www.nushu.cat\/es\/menarquia\/#primaryimage"},"image":{"@id":"https:\/\/www.nushu.cat\/es\/menarquia\/#primaryimage"},"thumbnailUrl":"https:\/\/www.nushu.cat\/wp-content\/uploads\/2022\/10\/9577011A-589D-4D6D-83E8-65B04BBEA8E6.jpg","datePublished":"2022-12-07T08:50:00+00:00","dateModified":"2024-10-10T06:48:59+00:00","breadcrumb":{"@id":"https:\/\/www.nushu.cat\/es\/menarquia\/#breadcrumb"},"inLanguage":"es","potentialAction":[{"@type":"ReadAction","target":["https:\/\/www.nushu.cat\/es\/menarquia\/"]}]},{"@type":"ImageObject","inLanguage":"es","@id":"https:\/\/www.nushu.cat\/es\/menarquia\/#primaryimage","url":"https:\/\/www.nushu.cat\/wp-content\/uploads\/2022\/10\/9577011A-589D-4D6D-83E8-65B04BBEA8E6.jpg","contentUrl":"https:\/\/www.nushu.cat\/wp-content\/uploads\/2022\/10\/9577011A-589D-4D6D-83E8-65B04BBEA8E6.jpg","width":1790,"height":1790},{"@type":"BreadcrumbList","@id":"https:\/\/www.nushu.cat\/es\/menarquia\/#breadcrumb","itemListElement":[{"@type":"ListItem","position":1,"name":"Inici","item":"https:\/\/www.nushu.cat\/es\/compreses-de-tela\/"},{"@type":"ListItem","position":2,"name":"Menarquia"}]},{"@type":"WebSite","@id":"https:\/\/www.nushu.cat\/es\/#website","url":"https:\/\/www.nushu.cat\/es\/","name":"n\u00fcshu","description":"natural &amp; sostenible","publisher":{"@id":"https:\/\/www.nushu.cat\/es\/#organization"},"potentialAction":[{"@type":"SearchAction","target":{"@type":"EntryPoint","urlTemplate":"https:\/\/www.nushu.cat\/es\/?s={search_term_string}"},"query-input":{"@type":"PropertyValueSpecification","valueRequired":true,"valueName":"search_term_string"}}],"inLanguage":"es"},{"@type":"Organization","@id":"https:\/\/www.nushu.cat\/es\/#organization","name":"n\u00fcshu","url":"https:\/\/www.nushu.cat\/es\/","logo":{"@type":"ImageObject","inLanguage":"es","@id":"https:\/\/www.nushu.cat\/es\/#\/schema\/logo\/image\/","url":"https:\/\/www.nushu.cat\/wp-content\/uploads\/2024\/02\/nushu-share-1-1.png","contentUrl":"https:\/\/www.nushu.cat\/wp-content\/uploads\/2024\/02\/nushu-share-1-1.png","width":1080,"height":1080,"caption":"n\u00fcshu"},"image":{"@id":"https:\/\/www.nushu.cat\/es\/#\/schema\/logo\/image\/"},"sameAs":["https:\/\/www.facebook.com\/nushu.artesania\/","https:\/\/www.instagram.com\/nushu_artesania"]},{"@type":"Person","@id":"https:\/\/www.nushu.cat\/es\/#\/schema\/person\/045bde99b6bd788aca03c9f146b073f0","name":"Gemma Vilalta"}]}},"jetpack_featured_media_url":"https:\/\/www.nushu.cat\/wp-content\/uploads\/2022\/10\/9577011A-589D-4D6D-83E8-65B04BBEA8E6.jpg","jetpack_sharing_enabled":true,"_links":{"self":[{"href":"https:\/\/www.nushu.cat\/es\/wp-json\/wp\/v2\/posts\/263026","targetHints":{"allow":["GET"]}}],"collection":[{"href":"https:\/\/www.nushu.cat\/es\/wp-json\/wp\/v2\/posts"}],"about":[{"href":"https:\/\/www.nushu.cat\/es\/wp-json\/wp\/v2\/types\/post"}],"author":[{"embeddable":true,"href":"https:\/\/www.nushu.cat\/es\/wp-json\/wp\/v2\/users\/2"}],"replies":[{"embeddable":true,"href":"https:\/\/www.nushu.cat\/es\/wp-json\/wp\/v2\/comments?post=263026"}],"version-history":[{"count":1,"href":"https:\/\/www.nushu.cat\/es\/wp-json\/wp\/v2\/posts\/263026\/revisions"}],"predecessor-version":[{"id":263027,"href":"https:\/\/www.nushu.cat\/es\/wp-json\/wp\/v2\/posts\/263026\/revisions\/263027"}],"wp:featuredmedia":[{"embeddable":true,"href":"https:\/\/www.nushu.cat\/es\/wp-json\/wp\/v2\/media\/261997"}],"wp:attachment":[{"href":"https:\/\/www.nushu.cat\/es\/wp-json\/wp\/v2\/media?parent=263026"}],"wp:term":[{"taxonomy":"category","embeddable":true,"href":"https:\/\/www.nushu.cat\/es\/wp-json\/wp\/v2\/categories?post=263026"},{"taxonomy":"post_tag","embeddable":true,"href":"https:\/\/www.nushu.cat\/es\/wp-json\/wp\/v2\/tags?post=263026"}],"curies":[{"name":"wp","href":"https:\/\/api.w.org\/{rel}","templated":true}]}}