{"id":263039,"date":"2024-06-07T13:12:07","date_gmt":"2024-06-07T11:12:07","guid":{"rendered":"https:\/\/www.nushu.cat\/?p=263039"},"modified":"2024-10-10T08:48:56","modified_gmt":"2024-10-10T06:48:56","slug":"maternidad-crianza-sostenible","status":"publish","type":"post","link":"https:\/\/www.nushu.cat\/es\/maternidad-crianza-sostenible\/","title":{"rendered":"Maternidad y crianza sostenible"},"content":{"rendered":"\n<p>Para poder llevar a cabo una maternidad y crianza m\u00e1s sostenible hoy en d\u00eda es importante que tengamos presente la historia que nos ha tra\u00eddo a la situaci\u00f3n actual.<\/p>\n\n\n\n<h2 class=\"wp-block-heading\">Un poco de historia&#8230;<\/h2>\n\n\n\n<div class=\"wp-block-columns is-layout-flex wp-container-core-columns-is-layout-28f84493 wp-block-columns-is-layout-flex\">\n<div class=\"wp-block-column is-layout-flow wp-block-column-is-layout-flow\">\n<p>El m\u00e9rito de la invenci\u00f3n de los pa\u00f1ales se le atribuye a Marion Donovan en 1946. Quien, harta de cambiar las s\u00e1banas de su beb\u00e9, fabric\u00f3 un cobertor para los pa\u00f1os a partir de una cortina de pl\u00e1stico que cort\u00f3 y cosi\u00f3 ella misma. Una mujer inteligente que tuvo una necesidad y busc\u00f3 la forma de solucionarla, para s\u00ed misma y para todas las dem\u00e1s madres. <\/p>\n\n\n\n<p>En 1951, cuando le aprobaron la patente, ya la ten\u00eda vendida por un mill\u00f3n de d\u00f3lares de la \u00e9poca. Se trataba de un producto que mejoraba la vida de muchas personas, era un \u00e9xito asegurado.<\/p>\n\n\n\n<p>A partir de aqu\u00ed, se sigui\u00f3 innovando hasta llegar a los pa\u00f1ales desechables actuales, siempre con el foco puesto en facilitar las tareas de cuidado del beb\u00e9, pero no del planeta.<\/p>\n<\/div>\n\n\n\n<div class=\"wp-block-column is-layout-flow wp-block-column-is-layout-flow\">\n<figure class=\"wp-block-image size-full\"><img fetchpriority=\"high\" decoding=\"async\" width=\"344\" height=\"539\" src=\"https:\/\/www.nushu.cat\/wp-content\/uploads\/2024\/04\/Maternidad-sostenible-Patente-panal-desechable-de-Marion-Donovan.jpg\" alt=\"\" class=\"wp-image-263965\" srcset=\"https:\/\/www.nushu.cat\/wp-content\/uploads\/2024\/04\/Maternidad-sostenible-Patente-panal-desechable-de-Marion-Donovan.jpg 344w, https:\/\/www.nushu.cat\/wp-content\/uploads\/2024\/04\/Maternidad-sostenible-Patente-panal-desechable-de-Marion-Donovan-191x300.jpg 191w\" sizes=\"(max-width: 344px) 100vw, 344px\" \/><\/figure>\n<\/div>\n<\/div>\n\n\n\n<p>Con la incorporaci\u00f3n de la mujer al mercado laboral, la falta de tiempo requer\u00eda soluciones m\u00e1s eficientes para seguir llevando a cabo todas las tareas de la casa, adem\u00e1s del trabajo fuera de ella. Esta eficiencia a menudo iba de la mano de productos desechables que no tienen en cuenta los costes al planeta. <strong>Por aquel entonces no hab\u00eda conciencia de la finitud de recursos<\/strong>, no se sab\u00eda lo que sabemos hoy en d\u00eda.<\/p>\n\n\n\n<p>Me pregunto qu\u00e9 ser\u00eda capaz de inventar Marion Donovan con los avances, recursos y conocimientos de que disponemos hoy d\u00eda&#8230;<\/p>\n\n\n\n<h2 class=\"wp-block-heading\">Volver a los or\u00edgenes<\/h2>\n\n\n\n<p>En n\u00fcshu, a menudo hablamos de volver a los or\u00edgenes y <strong>recuperar las pr\u00e1cticas que llevaban a cabo nuestras abuelas y bisabuelas<\/strong>, pero esto no es del todo as\u00ed. Si investigamos un poco la historia de los pa\u00f1ales por ejemplo, veremos que antes de 1950, no eran precisamente una maravilla. Lo que reivindicamos es recuperar aquellos productos sostenibles que se utilizaban anta\u00f1o, junto con los avances que hemos experimentado en los \u00faltimos a\u00f1os.<\/p>\n\n\n\n<p>De ah\u00ed que, cuando hablamos de maternidad y crianza sostenible, estemos <strong>honrando la sabidur\u00eda de nuestras antepasadas a la vez que aprovechamos los avances de la ciencia y la t\u00e9cnica.<\/strong><\/p>\n\n\n\n<p>Adem\u00e1s, d\u00eda de hoy sabemos mucho m\u00e1s sobre nuestra Madre Tierra de lo que sab\u00edamos hace 50 a\u00f1os. Hemos <strong>recuperado el contacto con la Naturaleza y la conciencia de cuidarla y preservarla<\/strong>. Es por eso que cada d\u00eda se crean nuevas alternativas sostenibles a aquello que &#8220;se ha hecho as\u00ed toda la vida&#8221;. Aunque si volvemos la vista atr\u00e1s, ese &#8220;toda la vida&#8221; no son ni los \u00faltimos 100 a\u00f1os&#8230;<\/p>\n\n\n\n<p>Poco a poco vamos buscando como <strong>introducir la sostenibilidad en m\u00e1s \u00e1mbitos de nuestra vida<\/strong>. Hoy nos adentramos en la maternidad y la crianza. Una etapa de la vida en la que nos bombardean a productos, muchos de los cuales no son sostenibles y, a menudo, tampoco son saludables para nuestro beb\u00e9.<\/p>\n\n\n\n<h2 class=\"wp-block-heading\">\u00bfC\u00f3mo ser m\u00e1s sostenibles durante la maternidad?<\/h2>\n\n\n\n<p>La maternidad y crianza sostenible es un conjunto de pr\u00e1cticas para <strong>reducir el impacto que conlleva tener un beb\u00e9<\/strong>. Partimos de la base de que el residuo cero es pr\u00e1cticamente imposible para la mayor parte de la poblaci\u00f3n, por eso aqu\u00ed recomendamos pr\u00e1cticas a llevar a cabo para minimizar ese impacto.<\/p>\n\n\n\n<p>Por eso, queremos hacer hincapi\u00e9 en que aquello que quieras o puedas hacer, bien estar\u00e1. Los primeros a\u00f1os de maternidad son una \u00e9poca suficientemente intensa como para que encima nos a\u00f1adamos cargas nosotras mismas por no llegar a ser perfectas (<em>disclaimer<\/em>: la perfecci\u00f3n no existe).<\/p>\n\n\n\n<p>As\u00ed que queremos compartirte algunas pr\u00e1cticas y consejos para ser m\u00e1s sostenibles durante la maternidad y crianza:<\/p>\n\n\n\n<ul class=\"wp-block-list\">\n<li>Acepta todo aquello que te regalen, hay redes de madres que donan o venden a menor precio aquellos productos que ya no necesitan.<\/li>\n\n\n\n<li>Cuestiona todas tus compras antes de hacerlas.<\/li>\n\n\n\n<li>Busca alternativas para aquello que realmente necesites.<\/li>\n\n\n\n<li>Intenta comprar sostenible, de cercan\u00eda y hecho con materiales sustentables.<\/li>\n\n\n\n<li>Apuesta por juguetes y materiales ecol\u00f3gicos.<\/li>\n\n\n\n<li>Dona o revende todo aquello que ya no necesites, dale una segunda vida.<\/li>\n\n\n\n<li>Escucha tu instinto.<\/li>\n<\/ul>\n\n\n\n<h3 class=\"wp-block-heading\">Alternativas zero waste para tu beb\u00e9<\/h3>\n\n\n\n<p>En n\u00fcshu nos mueve crear productos que te ayuden a ser m\u00e1s sostenible. Estos son los que hemos dise\u00f1ado para los primeros a\u00f1os de maternidad y crianza.<\/p>\n\n\n\n<h4 class=\"wp-block-heading\">Empapador reutilizable<\/h4>\n\n\n\n<div class=\"wp-block-columns is-layout-flex wp-container-core-columns-is-layout-28f84493 wp-block-columns-is-layout-flex\">\n<div class=\"wp-block-column is-layout-flow wp-block-column-is-layout-flow\">\n<p>Tienes dos versiones: el <a href=\"https:\/\/www.nushu.cat\/producte\/empapador-reutilizable\/\">normal<\/a> y el <a href=\"https:\/\/www.nushu.cat\/producte\/empapador-super\/\">super absorbente<\/a>. Se trata de un empapador de tejido impermeable y transpirable con una capa de absorci\u00f3n que evita que la piel en contacto se moje. Es ideal para dejar al beb\u00e9 sin pa\u00f1al sin preocuparnos de que se moje la superficie donde est\u00e9 tumbado. Adem\u00e1s as\u00ed <strong>dejamos que su piel respire sin nada que la est\u00e9 cubriendo<\/strong>.<\/p>\n\n\n\n<p>Tambi\u00e9n es ideal para las mam\u00e1s, tanto para el posparto como para proteger las s\u00e1banas de las posibles fugas de leche materna mientras dormimos.<\/p>\n<\/div>\n\n\n\n<div class=\"wp-block-column is-layout-flow wp-block-column-is-layout-flow\">\n<figure class=\"wp-block-image aligncenter size-full\"><a href=\"https:\/\/www.nushu.cat\/producte\/empapador-reutilizable\/\"><img decoding=\"async\" width=\"812\" height=\"813\" src=\"https:\/\/www.nushu.cat\/wp-content\/uploads\/2024\/02\/petit-2.jpg\" alt=\"Empapador reutilizable para una maternidad y crianza sostenible\" class=\"wp-image-259026\" srcset=\"https:\/\/www.nushu.cat\/wp-content\/uploads\/2024\/02\/petit-2.jpg 812w, https:\/\/www.nushu.cat\/wp-content\/uploads\/2024\/02\/petit-2-300x300.jpg 300w, https:\/\/www.nushu.cat\/wp-content\/uploads\/2024\/02\/petit-2-100x100.jpg 100w, https:\/\/www.nushu.cat\/wp-content\/uploads\/2024\/02\/petit-2-600x601.jpg 600w\" sizes=\"(max-width: 812px) 100vw, 812px\" \/><\/a><figcaption class=\"wp-element-caption\"><sup>Empapador reutilizable para una maternidad y crianza sostenible<\/sup><\/figcaption><\/figure>\n<\/div>\n<\/div>\n\n\n\n<h4 class=\"wp-block-heading\">Toallitas de algod\u00f3n org\u00e1nicas<\/h4>\n\n\n\n<p>El uso de las toallitas h\u00famedas se ha incrementado m\u00e1s que nunca en los \u00faltimos a\u00f1os.<\/p>\n\n\n\n<p>Las <a href=\"https:\/\/www.nushu.cat\/producte\/tovalloletes-reutilitzables\/\">toallitas reutilizables<\/a> n\u00fcshu est\u00e1n hechas con muselina de algod\u00f3n org\u00e1nico, que las hace muy suaves y agradables con la piel. Adem\u00e1s, est\u00e1n libres de alcohol, perfumes, parabenos, aromas, qu\u00edmicos, pl\u00e1sticos y son cruelty free. \u00a1Y tienen un mont\u00f3n de usos!<\/p>\n\n\n\n<h4 class=\"wp-block-heading\">Pa\u00f1ales de tela reutilizables<\/h4>\n\n\n\n<p>En n\u00fcshu colaboramos con un fabricante local que comparte nuestros valores para hacerte llegar <a href=\"https:\/\/www.nushu.cat\/producte\/bolquer-de-tela\/\">pa\u00f1ales de tela reutilizables<\/a>. Est\u00e1n formados por varias capas que permiten cuidar la piel del beb\u00e9 gracias a su impermeabilidad y transpirabilidad, a la vez que reducimos el impacto en el medioambiente, pues lo \u00fanico que se desecha es el protector, la capa m\u00e1s interior y 100% biodegradable. Y, por supuesto, libres de qu\u00edmicos.<\/p>\n\n\n\n<h3 class=\"wp-block-heading\">Otros productos para la maternidad y crianza sostenibles<\/h3>\n\n\n\n<div class=\"wp-block-columns is-layout-flex wp-container-core-columns-is-layout-28f84493 wp-block-columns-is-layout-flex\">\n<div class=\"wp-block-column is-layout-flow wp-block-column-is-layout-flow\">\n<p>En n\u00fcshu tenemos m\u00e1s productos para ayudarte a ser m\u00e1s sostenible durante la maternidad y crianza, puedes descubrirlos todos <a href=\"https:\/\/www.nushu.cat\/es\/productos\/maternidad-y-crianza\/?orderby=popularity\">aqu\u00ed<\/a>. <\/p>\n\n\n\n<p>Adem\u00e1s, si hay alg\u00fan producto que te gustar\u00eda que a\u00f1adi\u00e9ramos al cat\u00e1logo, puedes enviarnos un email a <a href=\"mailto:hola@nushu.cat\">hola@nushu.cat<\/a> para hacernos llegar tu propuesta. \u00a1La mayor\u00eda de productos del cat\u00e1logo han salido de mis propias necesidades, de las de mis amigas o de las clientas!<\/p>\n\n\n\n<p>Espero haberte ayudado a llevar esa maternidad y crianza m\u00e1s sostenible que est\u00e1s buscando.<\/p>\n<\/div>\n\n\n\n<div class=\"wp-block-column is-layout-flow wp-block-column-is-layout-flow\">\n<figure class=\"wp-block-image aligncenter size-full\"><a href=\"https:\/\/www.nushu.cat\/producte\/benvingut-nado-sostenible\/\"><img decoding=\"async\" width=\"1757\" height=\"1757\" src=\"https:\/\/www.nushu.cat\/wp-content\/uploads\/2024\/02\/photoroom_20230313_132101-1-3.jpeg\" alt=\"Pack bienvenido beb\u00e9 sostenible - n\u00fcshu\" class=\"wp-image-260186\" srcset=\"https:\/\/www.nushu.cat\/wp-content\/uploads\/2024\/02\/photoroom_20230313_132101-1-3.jpeg 1757w, https:\/\/www.nushu.cat\/wp-content\/uploads\/2024\/02\/photoroom_20230313_132101-1-3-300x300.jpeg 300w, https:\/\/www.nushu.cat\/wp-content\/uploads\/2024\/02\/photoroom_20230313_132101-1-3-100x100.jpeg 100w, https:\/\/www.nushu.cat\/wp-content\/uploads\/2024\/02\/photoroom_20230313_132101-1-3-600x600.jpeg 600w\" sizes=\"(max-width: 1757px) 100vw, 1757px\" \/><\/a><figcaption class=\"wp-element-caption\"><sup>Pack bienvenido beb\u00e9 sostenible &#8211; n\u00fcshu<\/sup><\/figcaption><\/figure>\n<\/div>\n<\/div>\n\n\n\n<p>Abrazos sostenibles,<\/p>\n\n\n\n<p>Gemma de n\u00fcshu<\/p>\n","protected":false},"excerpt":{"rendered":"<p>Para poder llevar a cabo una maternidad y crianza m\u00e1s sostenible hoy en d\u00eda es importante que tengamos presente la historia que nos ha tra\u00eddo a la situaci\u00f3n actual. Un poco de historia&#8230; El m\u00e9rito de la invenci\u00f3n de los pa\u00f1ales se le atribuye a Marion Donovan en 1946. Quien, harta de cambiar las s\u00e1banas [&hellip;]<\/p>\n","protected":false},"author":2,"featured_media":264280,"comment_status":"open","ping_status":"open","sticky":false,"template":"","format":"standard","meta":{"_acf_changed":false,"_jetpack_memberships_contains_paid_content":false,"footnotes":""},"categories":[395,397,398],"tags":[],"class_list":["post-263039","post","type-post","status-publish","format-standard","has-post-thumbnail","hentry","category-maternidad-sostenible","category-maternidad-sostenible-en","category-maternidad-sostenible-es"],"acf":[],"yoast_head":"<!-- This site is optimized with the Yoast SEO plugin v27.4 - https:\/\/yoast.com\/product\/yoast-seo-wordpress\/ -->\n<title>Maternidad y crianza sostenible | n\u00fcshu<\/title>\n<meta name=\"description\" content=\"Consejos y gu\u00eda para llevar una maternidad y crianza m\u00e1s sostenibles y respetuosas con el medio ambiente y con la salud de nuestro beb\u00e9.\" \/>\n<meta name=\"robots\" content=\"index, follow, max-snippet:-1, max-image-preview:large, max-video-preview:-1\" \/>\n<link rel=\"canonical\" href=\"https:\/\/www.nushu.cat\/es\/maternidad-crianza-sostenible\/\" \/>\n<meta property=\"og:locale\" content=\"es_ES\" \/>\n<meta property=\"og:type\" content=\"article\" \/>\n<meta property=\"og:title\" content=\"Maternidad y crianza sostenible | n\u00fcshu\" \/>\n<meta property=\"og:description\" content=\"Consejos y gu\u00eda para llevar una maternidad y crianza m\u00e1s sostenibles y respetuosas con el medio ambiente y con la salud de nuestro beb\u00e9.\" \/>\n<meta property=\"og:url\" content=\"https:\/\/www.nushu.cat\/es\/maternidad-crianza-sostenible\/\" \/>\n<meta property=\"og:site_name\" content=\"n\u00fcshu\" \/>\n<meta property=\"article:publisher\" content=\"https:\/\/www.facebook.com\/nushu.artesania\/\" \/>\n<meta property=\"article:published_time\" content=\"2024-06-07T11:12:07+00:00\" \/>\n<meta property=\"article:modified_time\" content=\"2024-10-10T06:48:56+00:00\" \/>\n<meta property=\"og:image\" content=\"https:\/\/www.nushu.cat\/wp-content\/uploads\/2024\/04\/Banner-blog-800x500px.png\" \/>\n\t<meta property=\"og:image:width\" content=\"800\" \/>\n\t<meta property=\"og:image:height\" content=\"500\" \/>\n\t<meta property=\"og:image:type\" content=\"image\/png\" \/>\n<meta name=\"author\" content=\"Gemma Vilalta\" \/>\n<meta name=\"twitter:card\" content=\"summary_large_image\" \/>\n<meta name=\"twitter:label1\" content=\"Escrito por\" \/>\n\t<meta name=\"twitter:data1\" content=\"Gemma Vilalta\" \/>\n\t<meta name=\"twitter:label2\" content=\"Tiempo de lectura\" \/>\n\t<meta name=\"twitter:data2\" content=\"7 minutos\" \/>\n<!-- \/ Yoast SEO plugin. -->","yoast_head_json":{"title":"Maternidad y crianza sostenible | n\u00fcshu","description":"Consejos y gu\u00eda para llevar una maternidad y crianza m\u00e1s sostenibles y respetuosas con el medio ambiente y con la salud de nuestro beb\u00e9.","robots":{"index":"index","follow":"follow","max-snippet":"max-snippet:-1","max-image-preview":"max-image-preview:large","max-video-preview":"max-video-preview:-1"},"canonical":"https:\/\/www.nushu.cat\/es\/maternidad-crianza-sostenible\/","og_locale":"es_ES","og_type":"article","og_title":"Maternidad y crianza sostenible | n\u00fcshu","og_description":"Consejos y gu\u00eda para llevar una maternidad y crianza m\u00e1s sostenibles y respetuosas con el medio ambiente y con la salud de nuestro beb\u00e9.","og_url":"https:\/\/www.nushu.cat\/es\/maternidad-crianza-sostenible\/","og_site_name":"n\u00fcshu","article_publisher":"https:\/\/www.facebook.com\/nushu.artesania\/","article_published_time":"2024-06-07T11:12:07+00:00","article_modified_time":"2024-10-10T06:48:56+00:00","og_image":[{"width":800,"height":500,"url":"https:\/\/www.nushu.cat\/wp-content\/uploads\/2024\/04\/Banner-blog-800x500px.png","type":"image\/png"}],"author":"Gemma Vilalta","twitter_card":"summary_large_image","twitter_misc":{"Escrito por":"Gemma Vilalta","Tiempo de lectura":"7 minutos"},"schema":{"@context":"https:\/\/schema.org","@graph":[{"@type":"Article","@id":"https:\/\/www.nushu.cat\/es\/maternidad-crianza-sostenible\/#article","isPartOf":{"@id":"https:\/\/www.nushu.cat\/es\/maternidad-crianza-sostenible\/"},"author":{"name":"Gemma Vilalta","@id":"https:\/\/www.nushu.cat\/es\/#\/schema\/person\/045bde99b6bd788aca03c9f146b073f0"},"headline":"Maternidad y crianza sostenible","datePublished":"2024-06-07T11:12:07+00:00","dateModified":"2024-10-10T06:48:56+00:00","mainEntityOfPage":{"@id":"https:\/\/www.nushu.cat\/es\/maternidad-crianza-sostenible\/"},"wordCount":1139,"commentCount":0,"publisher":{"@id":"https:\/\/www.nushu.cat\/es\/#organization"},"image":{"@id":"https:\/\/www.nushu.cat\/es\/maternidad-crianza-sostenible\/#primaryimage"},"thumbnailUrl":"https:\/\/www.nushu.cat\/wp-content\/uploads\/2024\/04\/Banner-blog-800x500px.png","articleSection":["Maternidad sostenible","Maternidad sostenible","Maternidad sostenible"],"inLanguage":"es","potentialAction":[{"@type":"CommentAction","name":"Comment","target":["https:\/\/www.nushu.cat\/es\/maternidad-crianza-sostenible\/#respond"]}]},{"@type":"WebPage","@id":"https:\/\/www.nushu.cat\/es\/maternidad-crianza-sostenible\/","url":"https:\/\/www.nushu.cat\/es\/maternidad-crianza-sostenible\/","name":"Maternidad y crianza sostenible | n\u00fcshu","isPartOf":{"@id":"https:\/\/www.nushu.cat\/es\/#website"},"primaryImageOfPage":{"@id":"https:\/\/www.nushu.cat\/es\/maternidad-crianza-sostenible\/#primaryimage"},"image":{"@id":"https:\/\/www.nushu.cat\/es\/maternidad-crianza-sostenible\/#primaryimage"},"thumbnailUrl":"https:\/\/www.nushu.cat\/wp-content\/uploads\/2024\/04\/Banner-blog-800x500px.png","datePublished":"2024-06-07T11:12:07+00:00","dateModified":"2024-10-10T06:48:56+00:00","description":"Consejos y gu\u00eda para llevar una maternidad y crianza m\u00e1s sostenibles y respetuosas con el medio ambiente y con la salud de nuestro beb\u00e9.","breadcrumb":{"@id":"https:\/\/www.nushu.cat\/es\/maternidad-crianza-sostenible\/#breadcrumb"},"inLanguage":"es","potentialAction":[{"@type":"ReadAction","target":["https:\/\/www.nushu.cat\/es\/maternidad-crianza-sostenible\/"]}]},{"@type":"ImageObject","inLanguage":"es","@id":"https:\/\/www.nushu.cat\/es\/maternidad-crianza-sostenible\/#primaryimage","url":"https:\/\/www.nushu.cat\/wp-content\/uploads\/2024\/04\/Banner-blog-800x500px.png","contentUrl":"https:\/\/www.nushu.cat\/wp-content\/uploads\/2024\/04\/Banner-blog-800x500px.png","width":800,"height":500,"caption":"Maternidad y crianza sostenible"},{"@type":"BreadcrumbList","@id":"https:\/\/www.nushu.cat\/es\/maternidad-crianza-sostenible\/#breadcrumb","itemListElement":[{"@type":"ListItem","position":1,"name":"Inici","item":"https:\/\/www.nushu.cat\/es\/compreses-de-tela\/"},{"@type":"ListItem","position":2,"name":"Maternidad y crianza sostenible"}]},{"@type":"WebSite","@id":"https:\/\/www.nushu.cat\/es\/#website","url":"https:\/\/www.nushu.cat\/es\/","name":"n\u00fcshu","description":"natural &amp; sostenible","publisher":{"@id":"https:\/\/www.nushu.cat\/es\/#organization"},"potentialAction":[{"@type":"SearchAction","target":{"@type":"EntryPoint","urlTemplate":"https:\/\/www.nushu.cat\/es\/?s={search_term_string}"},"query-input":{"@type":"PropertyValueSpecification","valueRequired":true,"valueName":"search_term_string"}}],"inLanguage":"es"},{"@type":"Organization","@id":"https:\/\/www.nushu.cat\/es\/#organization","name":"n\u00fcshu","url":"https:\/\/www.nushu.cat\/es\/","logo":{"@type":"ImageObject","inLanguage":"es","@id":"https:\/\/www.nushu.cat\/es\/#\/schema\/logo\/image\/","url":"https:\/\/www.nushu.cat\/wp-content\/uploads\/2024\/02\/nushu-share-1-1.png","contentUrl":"https:\/\/www.nushu.cat\/wp-content\/uploads\/2024\/02\/nushu-share-1-1.png","width":1080,"height":1080,"caption":"n\u00fcshu"},"image":{"@id":"https:\/\/www.nushu.cat\/es\/#\/schema\/logo\/image\/"},"sameAs":["https:\/\/www.facebook.com\/nushu.artesania\/","https:\/\/www.instagram.com\/nushu_artesania"]},{"@type":"Person","@id":"https:\/\/www.nushu.cat\/es\/#\/schema\/person\/045bde99b6bd788aca03c9f146b073f0","name":"Gemma Vilalta"}]}},"jetpack_featured_media_url":"https:\/\/www.nushu.cat\/wp-content\/uploads\/2024\/04\/Banner-blog-800x500px.png","jetpack_sharing_enabled":true,"_links":{"self":[{"href":"https:\/\/www.nushu.cat\/es\/wp-json\/wp\/v2\/posts\/263039","targetHints":{"allow":["GET"]}}],"collection":[{"href":"https:\/\/www.nushu.cat\/es\/wp-json\/wp\/v2\/posts"}],"about":[{"href":"https:\/\/www.nushu.cat\/es\/wp-json\/wp\/v2\/types\/post"}],"author":[{"embeddable":true,"href":"https:\/\/www.nushu.cat\/es\/wp-json\/wp\/v2\/users\/2"}],"replies":[{"embeddable":true,"href":"https:\/\/www.nushu.cat\/es\/wp-json\/wp\/v2\/comments?post=263039"}],"version-history":[{"count":3,"href":"https:\/\/www.nushu.cat\/es\/wp-json\/wp\/v2\/posts\/263039\/revisions"}],"predecessor-version":[{"id":263973,"href":"https:\/\/www.nushu.cat\/es\/wp-json\/wp\/v2\/posts\/263039\/revisions\/263973"}],"wp:featuredmedia":[{"embeddable":true,"href":"https:\/\/www.nushu.cat\/es\/wp-json\/wp\/v2\/media\/264280"}],"wp:attachment":[{"href":"https:\/\/www.nushu.cat\/es\/wp-json\/wp\/v2\/media?parent=263039"}],"wp:term":[{"taxonomy":"category","embeddable":true,"href":"https:\/\/www.nushu.cat\/es\/wp-json\/wp\/v2\/categories?post=263039"},{"taxonomy":"post_tag","embeddable":true,"href":"https:\/\/www.nushu.cat\/es\/wp-json\/wp\/v2\/tags?post=263039"}],"curies":[{"name":"wp","href":"https:\/\/api.w.org\/{rel}","templated":true}]}}