{"id":263043,"date":"2023-12-05T08:27:00","date_gmt":"2023-12-05T07:27:00","guid":{"rendered":"https:\/\/www.nushu.cat\/?p=263043"},"modified":"2024-10-10T08:48:58","modified_gmt":"2024-10-10T06:48:58","slug":"compresas-tela-reutilizables-opcion-mas-elegida","status":"publish","type":"post","link":"https:\/\/www.nushu.cat\/es\/compresas-tela-reutilizables-opcion-mas-elegida\/","title":{"rendered":"Las compresas de tela reutilizables: una opci\u00f3n cada vez m\u00e1s elegida"},"content":{"rendered":"\n<h2 class=\"wp-block-heading\">Motivos para utilizar compresas de tela reutilizables<\/h2>\n\n\n\n<p>El uso de las compresas de tela reutilizables es una opci\u00f3n cada vez m\u00e1s elegida por las personas menstruantes. Su elecci\u00f3n puede ser debida a varios factores:<\/p>\n\n\n\n<ul class=\"wp-block-list\">\n<li>La crisis medioambiental: miles de compresas menstruales y tampones creados con pl\u00e1sticos que tardan centenares de a\u00f1os en degradarse contaminan la tierra, r\u00edos, mares,\u2026 Y la flora y la fauna se ven gravemente afectadas. Tambi\u00e9n la fabricaci\u00f3n de dichos productos altera medioambientalmente el planeta.<\/li>\n\n\n\n<li>La salud personal: en los productos desechables menstruales hay una gran cantidad de componentes sint\u00e9ticos, qu\u00edmicos y disruptores endocrinos que afectan muy negativamente a nuestra salud.<\/li>\n\n\n\n<li>Una voluntad de conectar con nuestro ciclo o nuestro sangrado: a diferencia de los tampones y compresas de un solo uso, donde la sangre se tira sin mirarla o tocarla, en los productos reutilizables la limpiamos, la vemos e incluso observ\u00e1ndola podemos obtener informaci\u00f3n valiosa sobre nuestra salud.<\/li>\n\n\n\n<li>Un factor econ\u00f3mico: es una inversi\u00f3n econ\u00f3mica inicial mayor pero a la larga se ahorra mucho dinero.<\/li>\n<\/ul>\n\n\n\n<p>Que se conozcan estas alternativas es muy necesario. Entender que usar compresas de tela no quiere decir \u201cvolver a la \u00e9poca antigua ni a los pa\u00f1os de nuestras abuelas\u201d. Sino volver a conectar con nuestro cuerpo, nuestra ciclicidad y el planeta que nos da la vida. Las redes sociales y los medios de comunicaci\u00f3n son un gran altavoz para que este mensaje llegue m\u00e1s lejos y a m\u00e1s gente.<\/p>\n\n\n\n<h2 class=\"wp-block-heading\">La libre informaci\u00f3n, una herramienta para dar a conocer las compresas de tela reutilizables<\/h2>\n\n\n\n<p>El pasado mes de noviembre, me hicieron una entrevista en Onda Cero hablando del tema. Me hizo especial ilusi\u00f3n ya que me permiti\u00f3 dar visibilidad a este tema tan necesario y urgente. Fue un altavoz para que personas que igual no se lo hab\u00edan planteado, tuvieran informaci\u00f3n y pudieran valorar su papel en el cuidado del planeta, a la vez que visibilizaba la importancia de reconectar con nuestro ciclo.<\/p>\n\n\n\n<p>Te dejo aqu\u00ed la grabaci\u00f3n de la entrevista para que puedas verla si tienes curiosidad sobre el tema o quieres apoyarme en estas iniciativas:<\/p>\n\n\n\n<figure class=\"wp-block-embed is-type-video is-provider-youtube wp-block-embed-youtube wp-embed-aspect-16-9 wp-has-aspect-ratio\"><div class=\"wp-block-embed__wrapper\">\n<iframe title=\"Compresas de tela reutilizables, una opci\u00f3n de higiene menstrual saludable y sostenible\" width=\"800\" height=\"450\" src=\"https:\/\/www.youtube.com\/embed\/U8WPTT7Ui-o?feature=oembed&#038;enablejsapi=1&#038;origin=https:\/\/www.nushu.cat\" frameborder=\"0\" allow=\"accelerometer; autoplay; clipboard-write; encrypted-media; gyroscope; picture-in-picture; web-share\" allowfullscreen><\/iframe>\n<\/div><\/figure>\n\n\n\n<p><\/p>\n\n\n\n<p>\u00bfT\u00fa c\u00f3mo conociste que existe una manera de menstruar m\u00e1s sostenible y respetuosa con tu cuerpo y el medio ambiente? Comenta en la cajita de abajo<\/p>\n","protected":false},"excerpt":{"rendered":"<p>Motivos para utilizar compresas de tela reutilizables El uso de las compresas de tela reutilizables es una opci\u00f3n cada vez m\u00e1s elegida por las personas menstruantes. Su elecci\u00f3n puede ser debida a varios factores: Que se conozcan estas alternativas es muy necesario. Entender que usar compresas de tela no quiere decir \u201cvolver a la \u00e9poca [&hellip;]<\/p>\n","protected":false},"author":2,"featured_media":263044,"comment_status":"open","ping_status":"open","sticky":false,"template":"","format":"standard","meta":{"_acf_changed":false,"_jetpack_memberships_contains_paid_content":false,"footnotes":""},"categories":[394],"tags":[],"class_list":["post-263043","post","type-post","status-publish","format-standard","has-post-thumbnail","hentry","category-menstruacion-sostenible"],"acf":[],"yoast_head":"<!-- This site is optimized with the Yoast SEO plugin v27.4 - https:\/\/yoast.com\/product\/yoast-seo-wordpress\/ -->\n<title>Las compresas de tela reutilizables: una opci\u00f3n cada vez m\u00e1s elegida - n\u00fcshu<\/title>\n<meta name=\"description\" content=\"El uso de las compresas de tela reutilizables es una opci\u00f3n cada vez m\u00e1s elegida por las personas menstruantes.\" \/>\n<meta name=\"robots\" content=\"index, follow, max-snippet:-1, max-image-preview:large, max-video-preview:-1\" \/>\n<link rel=\"canonical\" href=\"https:\/\/www.nushu.cat\/es\/compresas-tela-reutilizables-opcion-mas-elegida\/\" \/>\n<meta property=\"og:locale\" content=\"es_ES\" \/>\n<meta property=\"og:type\" content=\"article\" \/>\n<meta property=\"og:title\" content=\"Las compresas de tela reutilizables: una opci\u00f3n cada vez m\u00e1s elegida - n\u00fcshu\" \/>\n<meta property=\"og:description\" content=\"El uso de las compresas de tela reutilizables es una opci\u00f3n cada vez m\u00e1s elegida por las personas menstruantes.\" \/>\n<meta property=\"og:url\" content=\"https:\/\/www.nushu.cat\/es\/compresas-tela-reutilizables-opcion-mas-elegida\/\" \/>\n<meta property=\"og:site_name\" content=\"n\u00fcshu\" \/>\n<meta property=\"article:publisher\" content=\"https:\/\/www.facebook.com\/nushu.artesania\/\" \/>\n<meta property=\"article:published_time\" content=\"2023-12-05T07:27:00+00:00\" \/>\n<meta property=\"article:modified_time\" content=\"2024-10-10T06:48:58+00:00\" \/>\n<meta property=\"og:image\" content=\"https:\/\/www.nushu.cat\/wp-content\/uploads\/2024\/03\/compresas-tela-sostenible.png\" \/>\n\t<meta property=\"og:image:width\" content=\"800\" \/>\n\t<meta property=\"og:image:height\" content=\"500\" \/>\n\t<meta property=\"og:image:type\" content=\"image\/png\" \/>\n<meta name=\"author\" content=\"Gemma Vilalta\" \/>\n<meta name=\"twitter:card\" content=\"summary_large_image\" \/>\n<meta name=\"twitter:label1\" content=\"Escrito por\" \/>\n\t<meta name=\"twitter:data1\" content=\"Gemma Vilalta\" \/>\n\t<meta name=\"twitter:label2\" content=\"Tiempo de lectura\" \/>\n\t<meta name=\"twitter:data2\" content=\"2 minutos\" \/>\n<!-- \/ Yoast SEO plugin. -->","yoast_head_json":{"title":"Las compresas de tela reutilizables: una opci\u00f3n cada vez m\u00e1s elegida - n\u00fcshu","description":"El uso de las compresas de tela reutilizables es una opci\u00f3n cada vez m\u00e1s elegida por las personas menstruantes.","robots":{"index":"index","follow":"follow","max-snippet":"max-snippet:-1","max-image-preview":"max-image-preview:large","max-video-preview":"max-video-preview:-1"},"canonical":"https:\/\/www.nushu.cat\/es\/compresas-tela-reutilizables-opcion-mas-elegida\/","og_locale":"es_ES","og_type":"article","og_title":"Las compresas de tela reutilizables: una opci\u00f3n cada vez m\u00e1s elegida - n\u00fcshu","og_description":"El uso de las compresas de tela reutilizables es una opci\u00f3n cada vez m\u00e1s elegida por las personas menstruantes.","og_url":"https:\/\/www.nushu.cat\/es\/compresas-tela-reutilizables-opcion-mas-elegida\/","og_site_name":"n\u00fcshu","article_publisher":"https:\/\/www.facebook.com\/nushu.artesania\/","article_published_time":"2023-12-05T07:27:00+00:00","article_modified_time":"2024-10-10T06:48:58+00:00","og_image":[{"width":800,"height":500,"url":"https:\/\/www.nushu.cat\/wp-content\/uploads\/2024\/03\/compresas-tela-sostenible.png","type":"image\/png"}],"author":"Gemma Vilalta","twitter_card":"summary_large_image","twitter_misc":{"Escrito por":"Gemma Vilalta","Tiempo de lectura":"2 minutos"},"schema":{"@context":"https:\/\/schema.org","@graph":[{"@type":"Article","@id":"https:\/\/www.nushu.cat\/es\/compresas-tela-reutilizables-opcion-mas-elegida\/#article","isPartOf":{"@id":"https:\/\/www.nushu.cat\/es\/compresas-tela-reutilizables-opcion-mas-elegida\/"},"author":{"name":"Gemma Vilalta","@id":"https:\/\/www.nushu.cat\/es\/#\/schema\/person\/045bde99b6bd788aca03c9f146b073f0"},"headline":"Las compresas de tela reutilizables: una opci\u00f3n cada vez m\u00e1s elegida","datePublished":"2023-12-05T07:27:00+00:00","dateModified":"2024-10-10T06:48:58+00:00","mainEntityOfPage":{"@id":"https:\/\/www.nushu.cat\/es\/compresas-tela-reutilizables-opcion-mas-elegida\/"},"wordCount":419,"commentCount":0,"publisher":{"@id":"https:\/\/www.nushu.cat\/es\/#organization"},"image":{"@id":"https:\/\/www.nushu.cat\/es\/compresas-tela-reutilizables-opcion-mas-elegida\/#primaryimage"},"thumbnailUrl":"https:\/\/www.nushu.cat\/wp-content\/uploads\/2024\/03\/compresas-tela-sostenible.png","articleSection":["Menstruaci\u00f3n sostenible"],"inLanguage":"es","potentialAction":[{"@type":"CommentAction","name":"Comment","target":["https:\/\/www.nushu.cat\/es\/compresas-tela-reutilizables-opcion-mas-elegida\/#respond"]}]},{"@type":"WebPage","@id":"https:\/\/www.nushu.cat\/es\/compresas-tela-reutilizables-opcion-mas-elegida\/","url":"https:\/\/www.nushu.cat\/es\/compresas-tela-reutilizables-opcion-mas-elegida\/","name":"Las compresas de tela reutilizables: una opci\u00f3n cada vez m\u00e1s elegida - n\u00fcshu","isPartOf":{"@id":"https:\/\/www.nushu.cat\/es\/#website"},"primaryImageOfPage":{"@id":"https:\/\/www.nushu.cat\/es\/compresas-tela-reutilizables-opcion-mas-elegida\/#primaryimage"},"image":{"@id":"https:\/\/www.nushu.cat\/es\/compresas-tela-reutilizables-opcion-mas-elegida\/#primaryimage"},"thumbnailUrl":"https:\/\/www.nushu.cat\/wp-content\/uploads\/2024\/03\/compresas-tela-sostenible.png","datePublished":"2023-12-05T07:27:00+00:00","dateModified":"2024-10-10T06:48:58+00:00","description":"El uso de las compresas de tela reutilizables es una opci\u00f3n cada vez m\u00e1s elegida por las personas menstruantes.","breadcrumb":{"@id":"https:\/\/www.nushu.cat\/es\/compresas-tela-reutilizables-opcion-mas-elegida\/#breadcrumb"},"inLanguage":"es","potentialAction":[{"@type":"ReadAction","target":["https:\/\/www.nushu.cat\/es\/compresas-tela-reutilizables-opcion-mas-elegida\/"]}]},{"@type":"ImageObject","inLanguage":"es","@id":"https:\/\/www.nushu.cat\/es\/compresas-tela-reutilizables-opcion-mas-elegida\/#primaryimage","url":"https:\/\/www.nushu.cat\/wp-content\/uploads\/2024\/03\/compresas-tela-sostenible.png","contentUrl":"https:\/\/www.nushu.cat\/wp-content\/uploads\/2024\/03\/compresas-tela-sostenible.png","width":800,"height":500,"caption":"Compreses de tela reutilitzables"},{"@type":"BreadcrumbList","@id":"https:\/\/www.nushu.cat\/es\/compresas-tela-reutilizables-opcion-mas-elegida\/#breadcrumb","itemListElement":[{"@type":"ListItem","position":1,"name":"Inici","item":"https:\/\/www.nushu.cat\/es\/compreses-de-tela\/"},{"@type":"ListItem","position":2,"name":"Las compresas de tela reutilizables: una opci\u00f3n cada vez m\u00e1s elegida"}]},{"@type":"WebSite","@id":"https:\/\/www.nushu.cat\/es\/#website","url":"https:\/\/www.nushu.cat\/es\/","name":"n\u00fcshu","description":"natural &amp; sostenible","publisher":{"@id":"https:\/\/www.nushu.cat\/es\/#organization"},"potentialAction":[{"@type":"SearchAction","target":{"@type":"EntryPoint","urlTemplate":"https:\/\/www.nushu.cat\/es\/?s={search_term_string}"},"query-input":{"@type":"PropertyValueSpecification","valueRequired":true,"valueName":"search_term_string"}}],"inLanguage":"es"},{"@type":"Organization","@id":"https:\/\/www.nushu.cat\/es\/#organization","name":"n\u00fcshu","url":"https:\/\/www.nushu.cat\/es\/","logo":{"@type":"ImageObject","inLanguage":"es","@id":"https:\/\/www.nushu.cat\/es\/#\/schema\/logo\/image\/","url":"https:\/\/www.nushu.cat\/wp-content\/uploads\/2024\/02\/nushu-share-1-1.png","contentUrl":"https:\/\/www.nushu.cat\/wp-content\/uploads\/2024\/02\/nushu-share-1-1.png","width":1080,"height":1080,"caption":"n\u00fcshu"},"image":{"@id":"https:\/\/www.nushu.cat\/es\/#\/schema\/logo\/image\/"},"sameAs":["https:\/\/www.facebook.com\/nushu.artesania\/","https:\/\/www.instagram.com\/nushu_artesania"]},{"@type":"Person","@id":"https:\/\/www.nushu.cat\/es\/#\/schema\/person\/045bde99b6bd788aca03c9f146b073f0","name":"Gemma Vilalta"}]}},"jetpack_featured_media_url":"https:\/\/www.nushu.cat\/wp-content\/uploads\/2024\/03\/compresas-tela-sostenible.png","jetpack_sharing_enabled":true,"_links":{"self":[{"href":"https:\/\/www.nushu.cat\/es\/wp-json\/wp\/v2\/posts\/263043","targetHints":{"allow":["GET"]}}],"collection":[{"href":"https:\/\/www.nushu.cat\/es\/wp-json\/wp\/v2\/posts"}],"about":[{"href":"https:\/\/www.nushu.cat\/es\/wp-json\/wp\/v2\/types\/post"}],"author":[{"embeddable":true,"href":"https:\/\/www.nushu.cat\/es\/wp-json\/wp\/v2\/users\/2"}],"replies":[{"embeddable":true,"href":"https:\/\/www.nushu.cat\/es\/wp-json\/wp\/v2\/comments?post=263043"}],"version-history":[{"count":1,"href":"https:\/\/www.nushu.cat\/es\/wp-json\/wp\/v2\/posts\/263043\/revisions"}],"predecessor-version":[{"id":263048,"href":"https:\/\/www.nushu.cat\/es\/wp-json\/wp\/v2\/posts\/263043\/revisions\/263048"}],"wp:featuredmedia":[{"embeddable":true,"href":"https:\/\/www.nushu.cat\/es\/wp-json\/wp\/v2\/media\/263044"}],"wp:attachment":[{"href":"https:\/\/www.nushu.cat\/es\/wp-json\/wp\/v2\/media?parent=263043"}],"wp:term":[{"taxonomy":"category","embeddable":true,"href":"https:\/\/www.nushu.cat\/es\/wp-json\/wp\/v2\/categories?post=263043"},{"taxonomy":"post_tag","embeddable":true,"href":"https:\/\/www.nushu.cat\/es\/wp-json\/wp\/v2\/tags?post=263043"}],"curies":[{"name":"wp","href":"https:\/\/api.w.org\/{rel}","templated":true}]}}