{"id":265203,"date":"2024-10-09T12:15:04","date_gmt":"2024-10-09T10:15:04","guid":{"rendered":"https:\/\/www.nushu.cat\/?p=265203"},"modified":"2025-10-20T09:01:03","modified_gmt":"2025-10-20T07:01:03","slug":"compresas-de-tela-solidarias","status":"publish","type":"post","link":"https:\/\/www.nushu.cat\/es\/compresas-de-tela-solidarias\/","title":{"rendered":"Compresas de tela solidarias"},"content":{"rendered":"\n<p>\u00bfTe consideras solidaria?<\/p>\n\n\n\n<p>Yo, como Gemma, he donado mi tiempo haciendo voluntariados a lo largo de mi vida, en proyectos como el esplai, escuelas infantiles, el banc dels aliments, la cruz roja,&#8230; <br>Y siempre me ha gustado donar econ\u00f3micamente a alg\u00fan proyecto que anualmente iba cambiando. Estos \u00faltimos a\u00f1os he usado \u201c<a href=\"https:\/\/www.teaming.net\/\">teaming<\/a>\u201d. Un proyecto de micro donaciones muy interesante donde puedes donar 1\u20ac al mes al proyecto o proyectos que m\u00e1s te gusten. Yo eleg\u00eda 5, y cada mes de diciembre valoraba si cambiaba alguno o segu\u00eda con los mismos.\u00a0<\/p>\n\n\n\n<p>Ahora, como n\u00fcshu, intento aportar siempre mi granito de arena en alg\u00fan proyecto. Y tambi\u00e9n me gusta implicaros a vosotras, y daros la oportunidad de que ayud\u00e9is a esta causa.<\/p>\n\n\n\n<p>De hecho, as\u00ed fue como naci\u00f3 la compresa solidaria:<br>-Primero con \u201cpura wildlife\u201d, un proyecto de una amiga que estaba viviendo en Costa Rica, y no contenta con todo lo que estaba viendo all\u00ed, decidi\u00f3 hacer algo para cambiarlo.<br>-Despu\u00e9s con <a href=\"https:\/\/unrwa.es\/\">UNRWA<\/a>, que act\u00faa directamente con la poblaci\u00f3n refugiada de Palestina en Oriente Pr\u00f3ximo.<br>-Y ahora con <a href=\"https:\/\/www.ccar.cat\/\">CCAR<\/a>.<\/p>\n\n\n\n<figure class=\"wp-block-image size-full\"><img fetchpriority=\"high\" decoding=\"async\" width=\"736\" height=\"318\" src=\"https:\/\/www.nushu.cat\/wp-content\/uploads\/2024\/10\/ccar-i-nushu-1.jpg\" alt=\"\" class=\"wp-image-265212\" srcset=\"https:\/\/www.nushu.cat\/wp-content\/uploads\/2024\/10\/ccar-i-nushu-1.jpg 736w, https:\/\/www.nushu.cat\/wp-content\/uploads\/2024\/10\/ccar-i-nushu-1-300x130.jpg 300w, https:\/\/www.nushu.cat\/wp-content\/uploads\/2024\/10\/ccar-i-nushu-1-600x259.jpg 600w\" sizes=\"(max-width: 736px) 100vw, 736px\" \/><\/figure>\n\n\n\n<h2 class=\"wp-block-heading\">\u00bfQu\u00e9 es el CAAR?<\/h2>\n\n\n\n<p>La Comisi\u00f3n Catalana de Ayuda al Refugio (CCAR) es una organizaci\u00f3n que se dedica a la defensa de los derechos de las personas refugiadas, solicitantes de asilo, ap\u00e1tridas y migrantes en situaci\u00f3n de vulnerabilidad. Su misi\u00f3n principal es garantizar que estas personas tengan acceso a una vida digna, proporcionando asistencia jur\u00eddica, acompa\u00f1amiento social y apoyo en su proceso de integraci\u00f3n. Adem\u00e1s, la CCAR trabaja activamente en la sensibilizaci\u00f3n social y la incidencia pol\u00edtica para visibilizar las problem\u00e1ticas que enfrentan las personas refugiadas y migrantes, fomentando un entorno de solidaridad y justicia social.<\/p>\n\n\n\n<p>Esta entidad ofrece servicios fundamentales como asesor\u00eda legal, orientaci\u00f3n para la acogida, acceso a recursos b\u00e1sicos como la vivienda y el empleo, adem\u00e1s de apoyo psicosocial para aquellos que lo necesiten. Uno de sus objetivos principales es promover la inclusi\u00f3n social y laboral de las personas que huyen de conflictos, persecuciones o situaciones de violencia, defendiendo su derecho a solicitar protecci\u00f3n internacional.<\/p>\n\n\n\n<p>Adem\u00e1s del trabajo directo con las personas refugiadas, la CCAR lleva a cabo una importante labor de incidencia pol\u00edtica para denunciar las violaciones de derechos humanos y exigir un mayor compromiso por parte de las autoridades y la sociedad en general en la protecci\u00f3n de estas personas. Promueve cambios en las pol\u00edticas migratorias y de asilo, buscando mejorar las condiciones de vida y los derechos de quienes se ven obligados a abandonar sus hogares.<\/p>\n\n\n\n<p>Una parte fundamental del trabajo de la CCAR es tambi\u00e9n su esfuerzo en la sensibilizaci\u00f3n de la sociedad. A trav\u00e9s de campa\u00f1as informativas, talleres y actividades educativas, buscan concienciar sobre la situaci\u00f3n de las personas refugiadas y migrantes, desmontando mitos y prejuicios, y fomentando una cultura de acogida y solidaridad.<\/p>\n\n\n\n<figure class=\"wp-block-gallery has-nested-images columns-default is-cropped wp-block-gallery-1 is-layout-flex wp-block-gallery-is-layout-flex\">\n<figure class=\"wp-block-image size-large\"><img decoding=\"async\" width=\"750\" height=\"416\" data-id=\"265208\" src=\"https:\/\/www.nushu.cat\/wp-content\/uploads\/2024\/10\/ccar.jpeg\" alt=\"\" class=\"wp-image-265208\" srcset=\"https:\/\/www.nushu.cat\/wp-content\/uploads\/2024\/10\/ccar.jpeg 750w, https:\/\/www.nushu.cat\/wp-content\/uploads\/2024\/10\/ccar-300x166.jpeg 300w, https:\/\/www.nushu.cat\/wp-content\/uploads\/2024\/10\/ccar-600x333.jpeg 600w\" sizes=\"(max-width: 750px) 100vw, 750px\" \/><\/figure>\n<\/figure>\n\n\n\n<h2 class=\"wp-block-heading\">\u00bfC\u00f3mo puedo colaborar con el CAAR mediante n\u00fcshu?<\/h2>\n\n\n\n<p>Por cada compresa solidaria que compres, CCAR va a recibir 1,5\u20ac.<br>Cuando compres alguno de los modelos de compresa solidaria (porque hay salvaslip, compresa de d\u00eda y compresa de noche), t\u00fa estar\u00e1s contribuyendo con 0,5\u20ac y yo, como productora de las compresas dar\u00e9 1\u20ac m\u00e1s.<\/p>\n\n\n\n<p>Y, juntas, estaremos aportando nuestro granito de arena para hacer del mundo un lugar mejor.<\/p>\n\n\n\n<p><\/p>\n\n\n\n<p><\/p>\n\n\n\n<div data-block-name=\"woocommerce\/single-product\" data-product-id=\"255648\" data-wp-context=\"{&quot;productId&quot;:255648,&quot;variationId&quot;:null}\" data-wp-interactive=\"woocommerce\/single-product\" class=\"wp-block-woocommerce-single-product\">\n<div class=\"wp-block-columns is-layout-flex wp-container-core-columns-is-layout-28f84493 wp-block-columns-is-layout-flex\">\n<div class=\"wp-block-column is-layout-flow wp-block-column-is-layout-flow\"><div data-block-name=\"woocommerce\/product-image\" data-is-descendent-of-single-product-block=\"true\" data-show-sale-badge=\"false\" class=\"wc-block-components-product-image wc-block-grid__product-image wc-block-components-product-image--aspect-ratio-auto wp-block-woocommerce-product-image\"><a href=\"https:\/\/www.nushu.cat\/es\/?post_type=product&#038;p=255648\" style=\"\" data-wp-on--click=\"woocommerce\/product-collection::actions.viewProduct\"><img loading=\"lazy\" decoding=\"async\" width=\"600\" height=\"600\" src=\"https:\/\/www.nushu.cat\/wp-content\/uploads\/2024\/02\/Cafe-MiL-vermell-1-scaled-1-600x600.jpg\" class=\"attachment-woocommerce_single size-woocommerce_single\" alt=\"Compresa solidaria CCAR\" data-testid=\"product-image\" data-image-id=\"252026\" style=\"object-fit:cover;\" loading=\"lazy\" srcset=\"https:\/\/www.nushu.cat\/wp-content\/uploads\/2024\/02\/Cafe-MiL-vermell-1-scaled-1-600x600.jpg 600w, https:\/\/www.nushu.cat\/wp-content\/uploads\/2024\/02\/Cafe-MiL-vermell-1-scaled-1-300x300.jpg 300w, https:\/\/www.nushu.cat\/wp-content\/uploads\/2024\/02\/Cafe-MiL-vermell-1-scaled-1-100x100.jpg 100w, https:\/\/www.nushu.cat\/wp-content\/uploads\/2024\/02\/Cafe-MiL-vermell-1-scaled-1.jpg 1920w\" sizes=\"auto, (max-width: 600px) 100vw, 600px\" \/><div class=\"wc-block-components-product-image__inner-container\"><\/div><\/a><\/div><\/div>\n\n\n\n<div class=\"wp-block-column is-layout-flow wp-block-column-is-layout-flow\"><div class=\"wp-block-post-excerpt\"><p class=\"wp-block-post-excerpt__excerpt\">Compresa solid\u00e0ria amb CCAR (Comissi\u00f3 Catalana d\u2019Acci\u00f3 pel Refugiat) 1,5\u20ac de cada venda aniran destinats a aquesta associaci\u00f3. <\/p><\/div>\n\n\n<p>Puedes elegir entre:<br>-Un salvaslip<br>-Una compresa de d\u00eda <br>-Una compresa de noche.<\/p>\n\n\n\n<div class=\"wp-block-buttons is-layout-flex wp-block-buttons-is-layout-flex\">\n<div class=\"wp-block-button\"><a class=\"wp-block-button__link wp-element-button\" href=\"https:\/\/www.nushu.cat\/es\/producto\/compresa-solidaria-ccar\/\"><mark style=\"background-color:rgba(0, 0, 0, 0)\" class=\"has-inline-color has-white-color\">quiero colaborar<\/mark><\/a><\/div>\n<\/div>\n\n\n\n<div data-block-name=\"woocommerce\/product-meta\" class=\"wp-block-woocommerce-product-meta\">\n<div class=\"wp-block-group is-nowrap is-layout-flex wp-container-core-group-is-layout-6c531013 wp-block-group-is-layout-flex\"><\/div>\n<\/div>\n<\/div>\n<\/div>\n<\/div>\n\n\n\n<div class=\"wp-block-group alignfull is-content-justification-center is-layout-constrained wp-container-core-group-is-layout-df757ecc wp-block-group-is-layout-constrained\" style=\"margin-top:0;margin-bottom:0;padding-top:calc( 0.5 * var(--wp--style--root--padding-right, var(--wp--custom--gap--horizontal)));padding-right:var(--wp--style--root--padding-right, var(--wp--custom--gap--horizontal));padding-bottom:calc( 0.5 * var(--wp--style--root--padding-right, var(--wp--custom--gap--horizontal)));padding-left:var(--wp--style--root--padding-left, var(--wp--custom--gap--horizontal))\">\n<div style=\"height:calc( 0.25 * var(--wp--style--root--padding-right, var(--wp--custom--gap--horizontal)))\" aria-hidden=\"true\" class=\"wp-block-spacer\"><\/div>\n\n\n\n<div style=\"height:calc( 0.25 * var(--wp--style--root--padding-right, var(--wp--custom--gap--horizontal)))\" aria-hidden=\"true\" class=\"wp-block-spacer\"><\/div>\n<\/div>\n\n\n\n<p>Y t\u00fa, \u00bfacostumbras a donar tu tiempo o dinero en alguna causa?<br>Me encantar\u00e1 leerte.<\/p>\n\n\n\n<p>Gemma de n\u00fcshu<\/p>\n\n\n\n<p><\/p>\n","protected":false},"excerpt":{"rendered":"<p>\u00bfTe consideras solidaria? Yo, como Gemma, he donado mi tiempo haciendo voluntariados a lo largo de mi vida, en proyectos como el esplai, escuelas infantiles, el banc dels aliments, la cruz roja,&#8230; Y siempre me ha gustado donar econ\u00f3micamente a alg\u00fan proyecto que anualmente iba cambiando. Estos \u00faltimos a\u00f1os he usado \u201cteaming\u201d. Un proyecto de [&hellip;]<\/p>\n","protected":false},"author":2,"featured_media":265206,"comment_status":"open","ping_status":"open","sticky":false,"template":"","format":"standard","meta":{"_acf_changed":false,"_jetpack_memberships_contains_paid_content":false,"footnotes":""},"categories":[394],"tags":[],"class_list":["post-265203","post","type-post","status-publish","format-standard","has-post-thumbnail","hentry","category-menstruacion-sostenible"],"acf":[],"yoast_head":"<!-- This site is optimized with the Yoast SEO plugin v27.4 - https:\/\/yoast.com\/product\/yoast-seo-wordpress\/ -->\n<title>Compresas de tela solidarias - n\u00fcshu<\/title>\n<meta name=\"robots\" content=\"index, follow, max-snippet:-1, max-image-preview:large, max-video-preview:-1\" \/>\n<link rel=\"canonical\" href=\"https:\/\/www.nushu.cat\/es\/compresas-de-tela-solidarias\/\" \/>\n<meta property=\"og:locale\" content=\"es_ES\" \/>\n<meta property=\"og:type\" content=\"article\" \/>\n<meta property=\"og:title\" content=\"Compresas de tela solidarias - n\u00fcshu\" \/>\n<meta property=\"og:description\" content=\"\u00bfTe consideras solidaria? Yo, como Gemma, he donado mi tiempo haciendo voluntariados a lo largo de mi vida, en proyectos como el esplai, escuelas infantiles, el banc dels aliments, la cruz roja,&#8230; Y siempre me ha gustado donar econ\u00f3micamente a alg\u00fan proyecto que anualmente iba cambiando. Estos \u00faltimos a\u00f1os he usado \u201cteaming\u201d. Un proyecto de [&hellip;]\" \/>\n<meta property=\"og:url\" content=\"https:\/\/www.nushu.cat\/es\/compresas-de-tela-solidarias\/\" \/>\n<meta property=\"og:site_name\" content=\"n\u00fcshu\" \/>\n<meta property=\"article:publisher\" content=\"https:\/\/www.facebook.com\/nushu.artesania\/\" \/>\n<meta property=\"article:published_time\" content=\"2024-10-09T10:15:04+00:00\" \/>\n<meta property=\"article:modified_time\" content=\"2025-10-20T07:01:03+00:00\" \/>\n<meta property=\"og:image\" content=\"https:\/\/www.nushu.cat\/wp-content\/uploads\/2024\/10\/ccar-i-nushu.jpg\" \/>\n\t<meta property=\"og:image:width\" content=\"800\" \/>\n\t<meta property=\"og:image:height\" content=\"500\" \/>\n\t<meta property=\"og:image:type\" content=\"image\/jpeg\" \/>\n<meta name=\"author\" content=\"Gemma Vilalta\" \/>\n<meta name=\"twitter:card\" content=\"summary_large_image\" \/>\n<meta name=\"twitter:label1\" content=\"Escrito por\" \/>\n\t<meta name=\"twitter:data1\" content=\"Gemma Vilalta\" \/>\n\t<meta name=\"twitter:label2\" content=\"Tiempo de lectura\" \/>\n\t<meta name=\"twitter:data2\" content=\"4 minutos\" \/>\n<!-- \/ Yoast SEO plugin. -->","yoast_head_json":{"title":"Compresas de tela solidarias - n\u00fcshu","robots":{"index":"index","follow":"follow","max-snippet":"max-snippet:-1","max-image-preview":"max-image-preview:large","max-video-preview":"max-video-preview:-1"},"canonical":"https:\/\/www.nushu.cat\/es\/compresas-de-tela-solidarias\/","og_locale":"es_ES","og_type":"article","og_title":"Compresas de tela solidarias - n\u00fcshu","og_description":"\u00bfTe consideras solidaria? Yo, como Gemma, he donado mi tiempo haciendo voluntariados a lo largo de mi vida, en proyectos como el esplai, escuelas infantiles, el banc dels aliments, la cruz roja,&#8230; Y siempre me ha gustado donar econ\u00f3micamente a alg\u00fan proyecto que anualmente iba cambiando. Estos \u00faltimos a\u00f1os he usado \u201cteaming\u201d. Un proyecto de [&hellip;]","og_url":"https:\/\/www.nushu.cat\/es\/compresas-de-tela-solidarias\/","og_site_name":"n\u00fcshu","article_publisher":"https:\/\/www.facebook.com\/nushu.artesania\/","article_published_time":"2024-10-09T10:15:04+00:00","article_modified_time":"2025-10-20T07:01:03+00:00","og_image":[{"width":800,"height":500,"url":"https:\/\/www.nushu.cat\/wp-content\/uploads\/2024\/10\/ccar-i-nushu.jpg","type":"image\/jpeg"}],"author":"Gemma Vilalta","twitter_card":"summary_large_image","twitter_misc":{"Escrito por":"Gemma Vilalta","Tiempo de lectura":"4 minutos"},"schema":{"@context":"https:\/\/schema.org","@graph":[{"@type":"Article","@id":"https:\/\/www.nushu.cat\/es\/compresas-de-tela-solidarias\/#article","isPartOf":{"@id":"https:\/\/www.nushu.cat\/es\/compresas-de-tela-solidarias\/"},"author":{"name":"Gemma Vilalta","@id":"https:\/\/www.nushu.cat\/es\/#\/schema\/person\/045bde99b6bd788aca03c9f146b073f0"},"headline":"Compresas de tela solidarias","datePublished":"2024-10-09T10:15:04+00:00","dateModified":"2025-10-20T07:01:03+00:00","mainEntityOfPage":{"@id":"https:\/\/www.nushu.cat\/es\/compresas-de-tela-solidarias\/"},"wordCount":607,"commentCount":1,"publisher":{"@id":"https:\/\/www.nushu.cat\/es\/#organization"},"image":{"@id":"https:\/\/www.nushu.cat\/es\/compresas-de-tela-solidarias\/#primaryimage"},"thumbnailUrl":"https:\/\/www.nushu.cat\/wp-content\/uploads\/2024\/10\/ccar-i-nushu.jpg","articleSection":["Menstruaci\u00f3n sostenible"],"inLanguage":"es","potentialAction":[{"@type":"CommentAction","name":"Comment","target":["https:\/\/www.nushu.cat\/es\/compresas-de-tela-solidarias\/#respond"]}]},{"@type":"WebPage","@id":"https:\/\/www.nushu.cat\/es\/compresas-de-tela-solidarias\/","url":"https:\/\/www.nushu.cat\/es\/compresas-de-tela-solidarias\/","name":"Compresas de tela solidarias - n\u00fcshu","isPartOf":{"@id":"https:\/\/www.nushu.cat\/es\/#website"},"primaryImageOfPage":{"@id":"https:\/\/www.nushu.cat\/es\/compresas-de-tela-solidarias\/#primaryimage"},"image":{"@id":"https:\/\/www.nushu.cat\/es\/compresas-de-tela-solidarias\/#primaryimage"},"thumbnailUrl":"https:\/\/www.nushu.cat\/wp-content\/uploads\/2024\/10\/ccar-i-nushu.jpg","datePublished":"2024-10-09T10:15:04+00:00","dateModified":"2025-10-20T07:01:03+00:00","breadcrumb":{"@id":"https:\/\/www.nushu.cat\/es\/compresas-de-tela-solidarias\/#breadcrumb"},"inLanguage":"es","potentialAction":[{"@type":"ReadAction","target":["https:\/\/www.nushu.cat\/es\/compresas-de-tela-solidarias\/"]}]},{"@type":"ImageObject","inLanguage":"es","@id":"https:\/\/www.nushu.cat\/es\/compresas-de-tela-solidarias\/#primaryimage","url":"https:\/\/www.nushu.cat\/wp-content\/uploads\/2024\/10\/ccar-i-nushu.jpg","contentUrl":"https:\/\/www.nushu.cat\/wp-content\/uploads\/2024\/10\/ccar-i-nushu.jpg","width":800,"height":500},{"@type":"BreadcrumbList","@id":"https:\/\/www.nushu.cat\/es\/compresas-de-tela-solidarias\/#breadcrumb","itemListElement":[{"@type":"ListItem","position":1,"name":"Inici","item":"https:\/\/www.nushu.cat\/es\/compreses-de-tela\/"},{"@type":"ListItem","position":2,"name":"Compresas de tela solidarias"}]},{"@type":"WebSite","@id":"https:\/\/www.nushu.cat\/es\/#website","url":"https:\/\/www.nushu.cat\/es\/","name":"n\u00fcshu","description":"natural &amp; sostenible","publisher":{"@id":"https:\/\/www.nushu.cat\/es\/#organization"},"potentialAction":[{"@type":"SearchAction","target":{"@type":"EntryPoint","urlTemplate":"https:\/\/www.nushu.cat\/es\/?s={search_term_string}"},"query-input":{"@type":"PropertyValueSpecification","valueRequired":true,"valueName":"search_term_string"}}],"inLanguage":"es"},{"@type":"Organization","@id":"https:\/\/www.nushu.cat\/es\/#organization","name":"n\u00fcshu","url":"https:\/\/www.nushu.cat\/es\/","logo":{"@type":"ImageObject","inLanguage":"es","@id":"https:\/\/www.nushu.cat\/es\/#\/schema\/logo\/image\/","url":"https:\/\/www.nushu.cat\/wp-content\/uploads\/2024\/02\/nushu-share-1-1.png","contentUrl":"https:\/\/www.nushu.cat\/wp-content\/uploads\/2024\/02\/nushu-share-1-1.png","width":1080,"height":1080,"caption":"n\u00fcshu"},"image":{"@id":"https:\/\/www.nushu.cat\/es\/#\/schema\/logo\/image\/"},"sameAs":["https:\/\/www.facebook.com\/nushu.artesania\/","https:\/\/www.instagram.com\/nushu_artesania"]},{"@type":"Person","@id":"https:\/\/www.nushu.cat\/es\/#\/schema\/person\/045bde99b6bd788aca03c9f146b073f0","name":"Gemma Vilalta"}]}},"jetpack_featured_media_url":"https:\/\/www.nushu.cat\/wp-content\/uploads\/2024\/10\/ccar-i-nushu.jpg","jetpack_sharing_enabled":true,"_links":{"self":[{"href":"https:\/\/www.nushu.cat\/es\/wp-json\/wp\/v2\/posts\/265203","targetHints":{"allow":["GET"]}}],"collection":[{"href":"https:\/\/www.nushu.cat\/es\/wp-json\/wp\/v2\/posts"}],"about":[{"href":"https:\/\/www.nushu.cat\/es\/wp-json\/wp\/v2\/types\/post"}],"author":[{"embeddable":true,"href":"https:\/\/www.nushu.cat\/es\/wp-json\/wp\/v2\/users\/2"}],"replies":[{"embeddable":true,"href":"https:\/\/www.nushu.cat\/es\/wp-json\/wp\/v2\/comments?post=265203"}],"version-history":[{"count":4,"href":"https:\/\/www.nushu.cat\/es\/wp-json\/wp\/v2\/posts\/265203\/revisions"}],"predecessor-version":[{"id":265223,"href":"https:\/\/www.nushu.cat\/es\/wp-json\/wp\/v2\/posts\/265203\/revisions\/265223"}],"wp:featuredmedia":[{"embeddable":true,"href":"https:\/\/www.nushu.cat\/es\/wp-json\/wp\/v2\/media\/265206"}],"wp:attachment":[{"href":"https:\/\/www.nushu.cat\/es\/wp-json\/wp\/v2\/media?parent=265203"}],"wp:term":[{"taxonomy":"category","embeddable":true,"href":"https:\/\/www.nushu.cat\/es\/wp-json\/wp\/v2\/categories?post=265203"},{"taxonomy":"post_tag","embeddable":true,"href":"https:\/\/www.nushu.cat\/es\/wp-json\/wp\/v2\/tags?post=265203"}],"curies":[{"name":"wp","href":"https:\/\/api.w.org\/{rel}","templated":true}]}}